{"id":187203,"date":"2025-12-14T00:07:09","date_gmt":"2025-12-14T00:07:09","guid":{"rendered":"https:\/\/www.europesays.com\/pt\/187203\/"},"modified":"2025-12-14T00:07:09","modified_gmt":"2025-12-14T00:07:09","slug":"benfica-deixa-escapar-vitoria-para-a-champions","status":"publish","type":"post","link":"https:\/\/www.europesays.com\/pt\/187203\/","title":{"rendered":"Benfica deixa escapar vit\u00f3ria para a Champions"},"content":{"rendered":"<p>O Benfica empatou este s\u00e1bado a 2-2 na visita \u00e0s espanholas do Esneca Fraga, em encontro da segunda jornada da Liga dos Campe\u00f5es feminina de h\u00f3quei em patins, depois de ter desperdi\u00e7ado uma vantagem de dois golos.<\/p>\n<p>As \u00e1guias entraram de forma autorit\u00e1ria na partida e inauguraram o marcador aos sete minutos, por interm\u00e9dio de Raquel Santos, com um remate potente. Pouco depois, a mesma jogadora esteve perto de ampliar a vantagem, mas n\u00e3o conseguiu bater a guarda-redes Anna Ferrer num lance de um contra um. O dom\u00ednio encarnado voltou a refletir-se no marcador aos 18 minutos, quando Marlene Sousa desviou com sucesso para o 2-0, \u00e0 boca da baliza.<\/p>\n<p>Na segunda parte, a forma\u00e7\u00e3o espanhola subiu linhas e intensificou a press\u00e3o sobre a baliza defendida por Maria Vieira. Apesar da resist\u00eancia benfiquista, o Esneca Fraga reduziu aos 44 minutos, com Adriana Soto a arriscar um remate de longe, que sofreu um desvio na defensiva encarnada e traiu a guarda-redes.<\/p>\n<p>Com dificuldades em sair do seu meio-campo desde o reatamento, o Benfica acabou por ceder o empate de forma dram\u00e1tica, a apenas 12 segundos do final. Num novo disparo de Adriana Soto, a defesa n\u00e3o conseguiu afastar a bola e a espanhola insistiu na recarga, fazendo o 2-2.<\/p>\n<p>Apesar do empate, o Benfica mant\u00e9m-se na lideran\u00e7a do grupo, com quatro pontos, fruto do triunfo na primeira jornada frente ao CP Manlleu (5-3). O Manlleu segue no segundo lugar, com tr\u00eas pontos, o Esneca Fraga \u00e9 terceiro, com dois, e o Palau Plegamans ocupa a \u00faltima posi\u00e7\u00e3o, com um ponto.<\/p>\n","protected":false},"excerpt":{"rendered":"O Benfica empatou este s\u00e1bado a 2-2 na visita \u00e0s espanholas do Esneca Fraga, em encontro da segunda&hellip;\n","protected":false},"author":2,"featured_media":187204,"comment_status":"","ping_status":"","sticky":false,"template":"","format":"standard","meta":{"footnotes":""},"categories":[87],"tags":[135,32,33,134],"class_list":{"0":"post-187203","1":"post","2":"type-post","3":"status-publish","4":"format-standard","5":"has-post-thumbnail","7":"category-desporto","8":"tag-desporto","9":"tag-portugal","10":"tag-pt","11":"tag-sports"},"share_on_mastodon":{"url":"https:\/\/pubeurope.com\/@pt\/115715011059889984","error":""},"_links":{"self":[{"href":"https:\/\/www.europesays.com\/pt\/wp-json\/wp\/v2\/posts\/187203","targetHints":{"allow":["GET"]}}],"collection":[{"href":"https:\/\/www.europesays.com\/pt\/wp-json\/wp\/v2\/posts"}],"about":[{"href":"https:\/\/www.europesays.com\/pt\/wp-json\/wp\/v2\/types\/post"}],"author":[{"embeddable":true,"href":"https:\/\/www.europesays.com\/pt\/wp-json\/wp\/v2\/users\/2"}],"replies":[{"embeddable":true,"href":"https:\/\/www.europesays.com\/pt\/wp-json\/wp\/v2\/comments?post=187203"}],"version-history":[{"count":0,"href":"https:\/\/www.europesays.com\/pt\/wp-json\/wp\/v2\/posts\/187203\/revisions"}],"wp:featuredmedia":[{"embeddable":true,"href":"https:\/\/www.europesays.com\/pt\/wp-json\/wp\/v2\/media\/187204"}],"wp:attachment":[{"href":"https:\/\/www.europesays.com\/pt\/wp-json\/wp\/v2\/media?parent=187203"}],"wp:term":[{"taxonomy":"category","embeddable":true,"href":"https:\/\/www.europesays.com\/pt\/wp-json\/wp\/v2\/categories?post=187203"},{"taxonomy":"post_tag","embeddable":true,"href":"https:\/\/www.europesays.com\/pt\/wp-json\/wp\/v2\/tags?post=187203"}],"curies":[{"name":"wp","href":"https:\/\/api.w.org\/{rel}","templated":true}]}}