{"id":187209,"date":"2025-12-14T00:12:14","date_gmt":"2025-12-14T00:12:14","guid":{"rendered":"https:\/\/www.europesays.com\/pt\/187209\/"},"modified":"2025-12-14T00:12:14","modified_gmt":"2025-12-14T00:12:14","slug":"o-achado-historico-que-esta-a-surpreender-a-turquia","status":"publish","type":"post","link":"https:\/\/www.europesays.com\/pt\/187209\/","title":{"rendered":"O achado hist\u00f3rico que est\u00e1 a surpreender a Turquia"},"content":{"rendered":"<p data-remotead-prev-elm=\"true\" data-remotead-elm-id=\"inread\">A pintura encontrava-se num t\u00fanel subterr\u00e2neo em Hisardere, local de refer\u00eancia para os crist\u00e3os por ser onde o Credo Niceno foi adotado no ano 325, considerado a profiss\u00e3o de f\u00e9 definidora do cristianismo,<\/p>\n<p>A descoberta aconteceu no m\u00eas de agosto, mas s\u00f3 agora, cerca de duas semanas ap\u00f3s a desloca\u00e7\u00e3o do Papa Le\u00e3o XIV \u00e0 Turquia, foi revelada publicamente, apontou a ag\u00eancia AFP.<\/p>\n<p>Iznik, que o Sumo Pont\u00edfice inclusive visitou, fez parte do Imp\u00e9rio Romano. Acredita-se que o t\u00famulo de Hisardere remonta ao s\u00e9culo III, \u00e9poca em que os crist\u00e3os ainda enfrentavam uma persegui\u00e7\u00e3o generalizada.<\/p>\n<p data-remotead-prev-elm=\"true\" data-remotead-elm-id=\"centro1\">O fresco do &#8220;Bom Pastor&#8221; retrata um Jesus jovem, barbeado, vestido com uma toga e transportando um bode aos ombros.<\/p>\n<p>Os investigadores afirmam que este \u00e9 um dos raros casos na Anat\u00f3lia em que Jesus \u00e9 retratado com atributos distintamente romanos.<\/p>\n<p>Eren Erten Ertem, arque\u00f3logo do Museu de Iznik, afirmou que os frescos mostram &#8220;uma transi\u00e7\u00e3o do paganismo tardio para o cristianismo primitivo, retratando o falecido a ser enviado para o al\u00e9m de uma forma positiva e apropriada&#8221;.<\/p>\n<p data-remotead-prev-elm=\"true\" data-remotead-elm-id=\"centro2\">Antes de a cruz ser amplamente adotada como s\u00edmbolo universal do cristianismo, a imagem do &#8220;Bom Pastor&#8221; desempenhava um papel fundamental na express\u00e3o da f\u00e9, representando a prote\u00e7\u00e3o, a salva\u00e7\u00e3o e a orienta\u00e7\u00e3o divina.<\/p>\n<p>Apesar do seu papel central no cristianismo primitivo, apenas foram encontrados alguns exemplares do &#8220;Bom Pastor&#8221; na Anat\u00f3lia, com o de Hisardere \u00e9 o mais bem preservado.<\/p>\n","protected":false},"excerpt":{"rendered":"A pintura encontrava-se num t\u00fanel subterr\u00e2neo em Hisardere, local de refer\u00eancia para os crist\u00e3os por ser onde o&hellip;\n","protected":false},"author":2,"featured_media":187210,"comment_status":"","ping_status":"","sticky":false,"template":"","format":"standard","meta":{"footnotes":""},"categories":[50],"tags":[3504,27,28,15,16,14,25,26,21,22,62,12,13,19,20,23,24,17,18,2428,29,30,31,20263,63,64,65],"class_list":{"0":"post-187209","1":"post","2":"type-post","3":"status-publish","4":"format-standard","5":"has-post-thumbnail","7":"category-mundo","8":"tag-arqueologia","9":"tag-breaking-news","10":"tag-breakingnews","11":"tag-featured-news","12":"tag-featurednews","13":"tag-headlines","14":"tag-latest-news","15":"tag-latestnews","16":"tag-main-news","17":"tag-mainnews","18":"tag-mundo","19":"tag-news","20":"tag-noticias","21":"tag-noticias-principais","22":"tag-noticiasprincipais","23":"tag-principais-noticias","24":"tag-principaisnoticias","25":"tag-top-stories","26":"tag-topstories","27":"tag-turquia","28":"tag-ultimas","29":"tag-ultimas-noticias","30":"tag-ultimasnoticias","31":"tag-volta-ao-mundo-noticias","32":"tag-world","33":"tag-world-news","34":"tag-worldnews"},"share_on_mastodon":{"url":"https:\/\/pubeurope.com\/@pt\/115715030796844940","error":""},"_links":{"self":[{"href":"https:\/\/www.europesays.com\/pt\/wp-json\/wp\/v2\/posts\/187209","targetHints":{"allow":["GET"]}}],"collection":[{"href":"https:\/\/www.europesays.com\/pt\/wp-json\/wp\/v2\/posts"}],"about":[{"href":"https:\/\/www.europesays.com\/pt\/wp-json\/wp\/v2\/types\/post"}],"author":[{"embeddable":true,"href":"https:\/\/www.europesays.com\/pt\/wp-json\/wp\/v2\/users\/2"}],"replies":[{"embeddable":true,"href":"https:\/\/www.europesays.com\/pt\/wp-json\/wp\/v2\/comments?post=187209"}],"version-history":[{"count":0,"href":"https:\/\/www.europesays.com\/pt\/wp-json\/wp\/v2\/posts\/187209\/revisions"}],"wp:featuredmedia":[{"embeddable":true,"href":"https:\/\/www.europesays.com\/pt\/wp-json\/wp\/v2\/media\/187210"}],"wp:attachment":[{"href":"https:\/\/www.europesays.com\/pt\/wp-json\/wp\/v2\/media?parent=187209"}],"wp:term":[{"taxonomy":"category","embeddable":true,"href":"https:\/\/www.europesays.com\/pt\/wp-json\/wp\/v2\/categories?post=187209"},{"taxonomy":"post_tag","embeddable":true,"href":"https:\/\/www.europesays.com\/pt\/wp-json\/wp\/v2\/tags?post=187209"}],"curies":[{"name":"wp","href":"https:\/\/api.w.org\/{rel}","templated":true}]}}