{"id":187211,"date":"2025-12-14T00:13:25","date_gmt":"2025-12-14T00:13:25","guid":{"rendered":"https:\/\/www.europesays.com\/pt\/187211\/"},"modified":"2025-12-14T00:13:25","modified_gmt":"2025-12-14T00:13:25","slug":"saiba-onde-vao-estar-escondidos-nos-proximos-dias","status":"publish","type":"post","link":"https:\/\/www.europesays.com\/pt\/187211\/","title":{"rendered":"saiba onde v\u00e3o estar \u201cescondidos\u201d nos pr\u00f3ximos dias"},"content":{"rendered":"<p>Em Portugal h\u00e1 radares de velocidades por \u201ctodos os lados\u201d\u2026 o objetivo \u00e9 garantir a seguran\u00e7a rodovi\u00e1ria, obrigando os condutores a cumprirem os limites de velocidade. A PSP j\u00e1 lan\u00e7ou a lista com os locais onde os radares de velocidade v\u00e3o estar em dezembro. Saiba os locais.<\/p>\n<p><a target=\"_blank\" href=\"https:\/\/pplware.sapo.pt\/wp-content\/uploads\/2025\/08\/radares_PT_2.jpg\" onclick=\"refreshIframe()\" class=\"foobox\" rel=\"nofollow noopener\"><img fetchpriority=\"high\" decoding=\"async\" src=\"https:\/\/www.europesays.com\/pt\/wp-content\/uploads\/2025\/08\/radares_PT_2-720x405.jpg\" alt=\"\" width=\"720\" height=\"405\" class=\"aligncenter size-medium wp-image-1073727\"  \/><\/a><\/p>\n<p>Radares de velocidade PSP: dezembro de 2025<\/p>\n<p>Como \u00e9 habitual, PSP partilhou a lista de locais por distrito onde v\u00e3o estar os radares de velocidade m\u00f3veis. Esta a\u00e7\u00e3o preventiva poder\u00e1 ser \u00fatil, contudo lembrem-se que este planeamento \u00e9 meramente indicativo, pelo que poder\u00e1 haver altera\u00e7\u00f5es.<\/p>\n<p>Veja a lista e locais dos radares da PSP para os pr\u00f3ximos dias.<\/p>\n<p>A\u00e7ores<\/p>\n<ul>\n<li>15-dez-25 16h00 \/ 18h00 R. do Lameiro Grande, Feteira, Horta<\/li>\n<li>18-dez-25 08h00 \/ 16h00 ER, Ladeira Grande, Ribeirinha, Angra Hero\u00edsmo<\/li>\n<li>19-dez-25 08h00 \/ 12h00 ER1, Santo Ant\u00f3nio, S\u00e3o Roque, Horta<\/li>\n<li>22-dez-25 07h45 \/ 12h00 ER1, Feteira, Horta<\/li>\n<li>29-dez-25 08h00 \/ 16h00 ER1-1, Grota do Vale, S\u00e3o Bento, Angra Hero\u00edsmo<\/li>\n<\/ul>\n<p>Aveiro<\/p>\n<ul>\n<li>15-dez-25 14h00 \/ 18h00 Av. da Europa (junto \u00e0 Corvauto)<\/li>\n<li>17-dez-25 09h00 \/ 12h00 Av. Dr. Renato Ara\u00fajo, S\u00e3o Jo\u00e3o da Madeira<\/li>\n<li>17-dez-25 08h00 \/ 12h00 Av. da Universidade, Aveiro<\/li>\n<li>18-dez-25 09h00 \/ 12h00 EN109, Km 35,2, Ovar<\/li>\n<li>22-dez-25 08h00 \/ 12h00 Av. da Europa (junto \u00e0 BP)<\/li>\n<\/ul>\n<p>Beja<\/p>\n<ul>\n<li>16-dez-25 14h00 \/ 17h00 Av. Salgueiro Maia, Beja<\/li>\n<li>19-dez-25 09h00 \/ 12h00 R. Zeca Afonso, Beja<\/li>\n<li>26-dez-25 09h00 \/ 12h00 R. Zeca Afonso, Beja<\/li>\n<li>29-dez-25 14h00 \/ 17h00 Av. Salgueiro Maia, Beja<\/li>\n<\/ul>\n<p>Bragan\u00e7a<\/p>\n<ul>\n<li>15-dez-25 08h00 \/ 13h00 Av. Abade de Ba\u00e7al, Bragan\u00e7a<\/li>\n<li>16-dez-25 08h00 \/ 13h00 EN15, Mirandela<\/li>\n<\/ul>\n<p>Braga<\/p>\n<ul>\n<li>16-dez-25 11h00 \/ 13h00 EN14, Av. Santiago de Gavi\u00e3o, Vila Nova de Famalic\u00e3o<\/li>\n<li>18-dez-25 09h30 \/ 11h30 Circular Urbana de Guimar\u00e3es, n\u00f3 da Universidade<\/li>\n<\/ul>\n<p>Castelo Branco<\/p>\n<ul>\n<li>15-dez-25 08h00 \/ 10h00 Alameda P\u00earo da Covilh\u00e3 (junto \u00e0 Repsol), Covilh\u00e3<\/li>\n<li>16-dez-25 08h00 \/ 10h00 R. Adelino Semedo Barata, Castelo Branco<\/li>\n<li>26-dez-25 08h00 \/ 10h00 Alameda P\u00earo da Covilh\u00e3 (junto ao Hotel D. Maria), Covilh\u00e3<\/li>\n<\/ul>\n<p>Coimbra<\/p>\n<ul>\n<li>16-dez-25 09h00 \/ 12h00 Av. Dr. Francisco S\u00e1 Carneiro, Figueira da Foz<\/li>\n<\/ul>\n<p>\u00c9vora<\/p>\n<ul>\n<li>19-dez-25 09h30 \/ 11h00 ER114-A, Estrada de Arraiolos<\/li>\n<li>22-dez-25 10h00 \/ 12h00 Av. Rainha Santa Isabel, Estremoz<\/li>\n<li>23-dez-25 15h00 \/ 16h30 EN114 Av. T\u00falio Espanca<\/li>\n<li>31-dez-25 10h00 \/ 11h30 Av. Lino de Carvalho<\/li>\n<\/ul>\n<p>Faro<\/p>\n<ul>\n<li>17-dez-25 16h00 \/ 20h00 Estrada de Monchique, V2<\/li>\n<\/ul>\n<p><a target=\"_blank\" href=\"https:\/\/pplware.sapo.pt\/wp-content\/uploads\/2025\/08\/radares_PT.jpg\" onclick=\"refreshIframe()\" class=\"foobox\" rel=\"nofollow noopener\"><img loading=\"lazy\" decoding=\"async\" src=\"https:\/\/www.europesays.com\/pt\/wp-content\/uploads\/2025\/08\/radares_PT-720x405.jpg\" alt=\"\" width=\"720\" height=\"405\" class=\"aligncenter size-medium wp-image-1073726\"  \/><\/a><\/p>\n<p>Guarda<\/p>\n<ul>\n<li>15-dez-25 09h00 \/ 13h00 Av. Serra da Estrela, Gouveia<\/li>\n<li>16-dez-25 09h00 \/ 13h00 VICEG, Guarda<\/li>\n<li>17-dez-25 16h00 \/ 20h00 VICEG, Guarda<\/li>\n<li>22-dez-25 09h00 \/ 13h00 VICEG, Guarda<\/li>\n<\/ul>\n<p>Leiria<\/p>\n<ul>\n<li>17-dez-25 09h00 \/ 12h00 Av. Comunidade Europeia<\/li>\n<li>22-dez-25 14h00 \/ 17h00 Av. Nogent Sur Marne, Nazar\u00e9<\/li>\n<li>23-dez-25 14h00 \/ 17h00 R. Albergaria dos Doze<\/li>\n<li>30-dez-25 09h00 \/ 12h00 Estrada da Nazar\u00e9, Km 15,2<\/li>\n<\/ul>\n<p>Lisboa<\/p>\n<ul>\n<li>16-dez-25 09h30 \/ 14h00 EN6, Av. Marginal, Oeiras<\/li>\n<li>17-dez-25 08h00 \/ 11h00 IC2, Santa Iria de Az\u00f3ia<\/li>\n<li>18-dez-25 09h00 \/ 17h00 EN6, Av. Marginal, Km 15,3, S\u00e3o Jo\u00e3o do Estoril<\/li>\n<li>22-dez-25 09h00 \/ 12h00 Estrada dos Salgados, Amadora<\/li>\n<li>22-dez-25 14h00 \/ 16h00 EN117, sentido Amadora\u2013Restelo<\/li>\n<li>23-dez-25 14h00 \/ 17h00 Av. da \u00cdndia, Lisboa<\/li>\n<li>30-dez-25 08h00 \/ 11h00 Ponte 25 de Abril, A2, Almada<\/li>\n<\/ul>\n<p>Madeira<\/p>\n<ul>\n<li>13-dez-25 08h00 \/ 12h00 Via Expresso 4, Km 2, Meia L\u00e9gua, Ribeira Brava<\/li>\n<li>19-dez-25 16h00 \/ 18h00 VE5, Camacha<\/li>\n<li>22-dez-25 08h30 \/ 11h30 VR1, Km 31,1, Santa Cruz<\/li>\n<li>23-dez-25 08h00 \/ 12h00 VR1, Km 6,0, sentido O\/E, Quinta Grande<\/li>\n<\/ul>\n<p>Portalegre<\/p>\n<ul>\n<li>15-dez-25 09h00 \/ 11h00 Av. de Badajoz, Elvas<\/li>\n<li>16-dez-25 09h00 \/ 11h00 Av. Dia de Portugal, Elvas<\/li>\n<li>17-dez-25 09h00 \/ 11h00 EN373, Elvas<\/li>\n<li>19-dez-25 14h00 \/ 17h00 Zona Industrial, Portalegre<\/li>\n<\/ul>\n<p>Porto<\/p>\n<ul>\n<li>15-dez-25 16h00 \/ 00h00 EM556, R. Major de Diniz, Santo Tirso<\/li>\n<li>17-dez-25 13h00 \/ 20h00 Av. Eng. Duarte Pacheco 1026, Valongo<\/li>\n<li>18-dez-25 13h00 \/ 20h00 R. Font\u00e3o 212, Canidelo, Vila Nova de Gaia<br \/>\n22-dez-25 08h00 \/ 16h00 Alameda de Cartes, viaduto R. Em\u00edlio Biel, Porto<\/li>\n<li>23-dez-25 08h00 \/ 15h00 R. Dr. Joaquim Nogueira dos Santos 885, Maia<\/li>\n<li>29-dez-25 16h00 \/ 00h00 Av. Dr. Antunes Guimar\u00e3es \/ R. Pinto de Ara\u00fajo 373, Matosinhos<\/li>\n<li>30-dez-25 13h00 \/ 20h00 EN222, cruzamento R. Almeida Garrett, Vila Nova de Gaia<\/li>\n<\/ul>\n<p>Santar\u00e9m<\/p>\n<ul>\n<li>23-dez-25 09h00 \/ 13h00 Av. D. Manuel I, Abrantes<\/li>\n<\/ul>\n<p>Vila Real<\/p>\n<ul>\n<li>15-dez-25 14h00 \/ 17h30 Av. Doutor M\u00e1rio Soares, Chaves<\/li>\n<li>22-dez-25 08h00 \/ 12h00 Av. Unesco, Vila Real<\/li>\n<\/ul>\n<p>Viana do Castelo<\/p>\n<ul>\n<li>15-dez-25 10h00 \/ 13h00 Av. 25 de Abril, Viana do Castelo<\/li>\n<li>17-dez-25 20h30 \/ 23h30 R. Agostinho Jos\u00e9 Taveira, Ponte de Lima<\/li>\n<li>19-dez-25 20h30 \/ 23h30 Av. do Meio, Areosa, Viana do Castelo<\/li>\n<\/ul>\n<p>Viseu<\/p>\n<ul>\n<li>17-dez-25 08h00 \/ 11h00 Av. D. Egas Moniz, Lamego<\/li>\n<li>18-dez-25 16h00 \/ 19h00 Av. Defensores do Douro, Lamego<\/li>\n<\/ul>\n","protected":false},"excerpt":{"rendered":"Em Portugal h\u00e1 radares de velocidades por \u201ctodos os lados\u201d\u2026 o objetivo \u00e9 garantir a seguran\u00e7a rodovi\u00e1ria, obrigando&hellip;\n","protected":false},"author":2,"featured_media":153461,"comment_status":"","ping_status":"","sticky":false,"template":"","format":"standard","meta":{"footnotes":""},"categories":[10],"tags":[27,28,15,16,14,25,26,21,22,12,13,19,20,32,23,24,1306,33,8334,17,18,29,30,31],"class_list":{"0":"post-187211","1":"post","2":"type-post","3":"status-publish","4":"format-standard","5":"has-post-thumbnail","7":"category-portugal","8":"tag-breaking-news","9":"tag-breakingnews","10":"tag-featured-news","11":"tag-featurednews","12":"tag-headlines","13":"tag-latest-news","14":"tag-latestnews","15":"tag-main-news","16":"tag-mainnews","17":"tag-news","18":"tag-noticias","19":"tag-noticias-principais","20":"tag-noticiasprincipais","21":"tag-portugal","22":"tag-principais-noticias","23":"tag-principaisnoticias","24":"tag-psp","25":"tag-pt","26":"tag-radares-de-velocidade","27":"tag-top-stories","28":"tag-topstories","29":"tag-ultimas","30":"tag-ultimas-noticias","31":"tag-ultimasnoticias"},"share_on_mastodon":{"url":"https:\/\/pubeurope.com\/@pt\/115715034766135463","error":""},"_links":{"self":[{"href":"https:\/\/www.europesays.com\/pt\/wp-json\/wp\/v2\/posts\/187211","targetHints":{"allow":["GET"]}}],"collection":[{"href":"https:\/\/www.europesays.com\/pt\/wp-json\/wp\/v2\/posts"}],"about":[{"href":"https:\/\/www.europesays.com\/pt\/wp-json\/wp\/v2\/types\/post"}],"author":[{"embeddable":true,"href":"https:\/\/www.europesays.com\/pt\/wp-json\/wp\/v2\/users\/2"}],"replies":[{"embeddable":true,"href":"https:\/\/www.europesays.com\/pt\/wp-json\/wp\/v2\/comments?post=187211"}],"version-history":[{"count":0,"href":"https:\/\/www.europesays.com\/pt\/wp-json\/wp\/v2\/posts\/187211\/revisions"}],"wp:featuredmedia":[{"embeddable":true,"href":"https:\/\/www.europesays.com\/pt\/wp-json\/wp\/v2\/media\/153461"}],"wp:attachment":[{"href":"https:\/\/www.europesays.com\/pt\/wp-json\/wp\/v2\/media?parent=187211"}],"wp:term":[{"taxonomy":"category","embeddable":true,"href":"https:\/\/www.europesays.com\/pt\/wp-json\/wp\/v2\/categories?post=187211"},{"taxonomy":"post_tag","embeddable":true,"href":"https:\/\/www.europesays.com\/pt\/wp-json\/wp\/v2\/tags?post=187211"}],"curies":[{"name":"wp","href":"https:\/\/api.w.org\/{rel}","templated":true}]}}