{"id":187222,"date":"2025-12-14T00:21:17","date_gmt":"2025-12-14T00:21:17","guid":{"rendered":"https:\/\/www.europesays.com\/pt\/187222\/"},"modified":"2025-12-14T00:21:17","modified_gmt":"2025-12-14T00:21:17","slug":"fc-porto-reencontra-ultimo-carrasco-na-liga-nao-ha-drama-a-jogar-no-dragao","status":"publish","type":"post","link":"https:\/\/www.europesays.com\/pt\/187222\/","title":{"rendered":"FC Porto reencontra \u00faltimo carrasco na Liga: n\u00e3o h\u00e1 drama&#8230; a jogar no Drag\u00e3o"},"content":{"rendered":"<p>            <img decoding=\"async\" src=\"https:\/\/www.europesays.com\/pt\/wp-content\/uploads\/2025\/12\/7649ab25-353f-46f5-a5ed-417091a3a434.jpg\" alt=\"\u00daltima derrota do FC Porto na Liga foi com o E. Amadora, na Reboleira. No Drag\u00e3o, a hist\u00f3ria \u00e9 outra - Foto: Miguel Nunes\" height=\"574\" class=\"w-full object-contain object-top sm:h-[574px]   object-cover\"\/><\/p>\n<p>                \u00daltima derrota do FC Porto na Liga foi com o E. Amadora, na Reboleira. No Drag\u00e3o, a hist\u00f3ria \u00e9 outra &#8211; Foto: Miguel Nunes<\/p>\n<p>                \u00daltima derrota do FC Porto na Liga foi com o E. Amadora, na Reboleira. No Drag\u00e3o, a hist\u00f3ria \u00e9 outra &#8211; Foto: Miguel Nunes<\/p>\n<p>\n                A \u00faltima vez que os azuis e brancos perderam no campeonato foi contra o Estrela da Amadora. Mas&#8230; foi na Reboleira. Na casa dos portistas, tricolores s\u00e3o relativamente d\u00f3ceis: s\u00f3 ganharam uma vez e h\u00e1 cinco jogos seguidos que n\u00e3o marcam l\u00e1 um golo\n            <\/p>\n<p>Na <a class=\"autolink-enabled\" data-resource-id=\"13\" data-resource-type=\"competition\" data-sport=\"football\" href=\"https:\/\/www.abola.pt\/futebol\/competicao\/liga-portugal-betclic-13\" rel=\"nofollow noopener\" target=\"_blank\">Liga<\/a>, o <a class=\"autolink-enabled\" data-resource-id=\"451\" data-resource-type=\"team\" data-sport=\"football\" href=\"https:\/\/www.abola.pt\/futebol\/fc-porto-451\" rel=\"nofollow noopener\" target=\"_blank\">FC Porto<\/a> n\u00e3o perde h\u00e1 16 jogos. Foi justamente contra o pr\u00f3ximo advers\u00e1rio, o <a class=\"autolink-enabled\" data-resource-id=\"21677\" data-resource-type=\"team\" data-sport=\"football\" href=\"https:\/\/www.abola.pt\/futebol\/estrela-da-amadora-21677\" rel=\"nofollow noopener\" target=\"_blank\">Estrela da Amadora<\/a>, que os azuis e brancos foram derrotados pela \u00faltima vez no campeonato, num dos pontos mais baixos da gest\u00e3o de Mart\u00edn Anselmi nos azuis e brancos. Um desaire por 2-0 na Reboleira, a 26 de abril, em jogo da 31.\u00aa jornada, trouxe forte agita\u00e7\u00e3o ao universo portista.  <\/p>\n<p>S\u00e3o quase difusas as mem\u00f3rias deste tempo. Farioli trouxe chama renovada ao <a class=\"autolink-enabled\" data-resource-id=\"451\" data-resource-type=\"team\" data-sport=\"football\" href=\"https:\/\/www.abola.pt\/futebol\/fc-porto-451\" rel=\"nofollow noopener\" target=\"_blank\">FC Porto<\/a>, montou uma estrutura forte e uma equipa competitiva, que prima pela consist\u00eancia e lidera destacada a <a class=\"autolink-enabled\" data-resource-id=\"13\" data-resource-type=\"competition\" data-sport=\"football\" href=\"https:\/\/www.abola.pt\/futebol\/competicao\/liga-portugal-betclic-13\" rel=\"nofollow noopener\" target=\"_blank\">Liga<\/a>, com cinco pontos de avan\u00e7o sobre o segundo classificado, o <a class=\"autolink-enabled\" data-resource-id=\"448\" data-resource-type=\"team\" data-sport=\"football\" href=\"https:\/\/www.abola.pt\/futebol\/sporting-448\" rel=\"nofollow noopener\" target=\"_blank\">Sporting<\/a>.<\/p>\n<p>Com apenas tr\u00eas golos sofridos, o <a class=\"autolink-enabled\" data-resource-id=\"451\" data-resource-type=\"team\" data-sport=\"football\" href=\"https:\/\/www.abola.pt\/futebol\/fc-porto-451\" rel=\"nofollow noopener\" target=\"_blank\">FC Porto<\/a> tem a melhor defesa da <a class=\"autolink-enabled\" data-resource-id=\"13\" data-resource-type=\"competition\" data-sport=\"football\" href=\"https:\/\/www.abola.pt\/futebol\/competicao\/liga-portugal-betclic-13\" rel=\"nofollow noopener\" target=\"_blank\">Liga<\/a>, com a curiosidade de nas cinco \u00faltimas rece\u00e7\u00f5es aos tricolores n\u00e3o ter encaixado qualquer golo. O \u00faltimo carrasco dos drag\u00f5es na mais importante prova interna \u00e9, de resto, bastante d\u00f3cil quando visita a casa portista: em 15 encontros soma dois empates e apenas um triunfo, por 1-0, em fevereiro de 2007, golo de Anselmo no tempo extra, tendo sa\u00eddo derrotado em 15 ocasi\u00f5es no campeonato \u2013 18 se alargarmos a an\u00e1lise \u00e0 <a class=\"autolink-enabled\" data-resource-id=\"112\" data-resource-type=\"competition\" data-sport=\"football\" href=\"https:\/\/www.abola.pt\/futebol\/competicao\/taca-de-portugal-112\" rel=\"nofollow noopener\" target=\"_blank\">Ta\u00e7a de Portugal<\/a> e \u00e0 2.\u00aa m\u00e3o da final da <a class=\"autolink-enabled\" data-resource-id=\"114\" data-resource-type=\"competition\" data-sport=\"football\" href=\"https:\/\/www.abola.pt\/futebol\/competicao\/supertaca-114\" rel=\"nofollow noopener\" target=\"_blank\">Superta\u00e7a<\/a>, em agosto de 1990.<\/p>\n<p>Farioli sabe que s\u00e3o jogos desta natureza, em que o <a class=\"autolink-enabled\" data-resource-id=\"451\" data-resource-type=\"team\" data-sport=\"football\" href=\"https:\/\/www.abola.pt\/futebol\/fc-porto-451\" rel=\"nofollow noopener\" target=\"_blank\">FC Porto<\/a> surge nas ant\u00edpodas do opositor em termos de rendimento, que podem custar a lideran\u00e7a tranquila do campeonato. Se houve li\u00e7\u00e3o a retirar do jogo com o Malmo \u00e9 que basta um segundo de relaxamento para se sofrer um golo. Neste aspeto, o <a class=\"autolink-enabled\" data-resource-id=\"451\" data-resource-type=\"team\" data-sport=\"football\" href=\"https:\/\/www.abola.pt\/futebol\/fc-porto-451\" rel=\"nofollow noopener\" target=\"_blank\">FC Porto<\/a> tem exibido uma solidez que n\u00e3o se compara com a \u00faltima vez em que as duas equipas se cruzaram.<\/p>\n<p>Dos tr\u00eas golos sofridos pelo <a class=\"autolink-enabled\" data-resource-id=\"451\" data-resource-type=\"team\" data-sport=\"football\" href=\"https:\/\/www.abola.pt\/futebol\/fc-porto-451\" rel=\"nofollow noopener\" target=\"_blank\">FC Porto<\/a>, apenas um foi no Drag\u00e3o, autoria de Victor <a class=\"autolink-enabled\" data-resource-id=\"191127\" data-resource-type=\"player\" data-sport=\"football\" href=\"https:\/\/www.abola.pt\/futebol\/jogador\/victor-gomez-191127\" rel=\"nofollow noopener\" target=\"_blank\">G\u00f3mez<\/a>, na vit\u00f3ria muito sofrida dos azuis e brancos sobre os arsenalistas por 2-1, na 10.\u00aa jornada da Liga. Os outros, fora de casa, foram apontados por <a class=\"autolink-enabled\" data-resource-id=\"187377\" data-resource-type=\"player\" data-sport=\"football\" href=\"https:\/\/www.abola.pt\/futebol\/jogador\/nehuen-perez-187377\" rel=\"nofollow noopener\" target=\"_blank\">Nehu\u00e9n P\u00e9rez<\/a> na pr\u00f3pria baliza, com o <a class=\"autolink-enabled\" data-resource-id=\"448\" data-resource-type=\"team\" data-sport=\"football\" href=\"https:\/\/www.abola.pt\/futebol\/sporting-448\" rel=\"nofollow noopener\" target=\"_blank\">Sporting<\/a>, e por <a class=\"autolink-enabled\" data-resource-id=\"186660\" data-resource-type=\"player\" data-sport=\"football\" href=\"https:\/\/www.abola.pt\/futebol\/jogador\/alan-186660\" rel=\"nofollow noopener\" target=\"_blank\">Alan<\/a>, m\u00e9dio criativo do <a class=\"autolink-enabled\" data-resource-id=\"462\" data-resource-type=\"team\" data-sport=\"football\" href=\"https:\/\/www.abola.pt\/futebol\/moreirense-462\" rel=\"nofollow noopener\" target=\"_blank\">Moreirense<\/a>. Estar 13 jornadas com uma contabilidade t\u00e3o positiva n\u00e3o acontecia h\u00e1 30 anos.<\/p>\n<p>Melhor, s\u00f3 mesmo na \u00e9poca 1995\/1996, quando o <a class=\"autolink-enabled\" data-resource-id=\"451\" data-resource-type=\"team\" data-sport=\"football\" href=\"https:\/\/www.abola.pt\/futebol\/fc-porto-451\" rel=\"nofollow noopener\" target=\"_blank\">FC Porto<\/a> chegou a esta fase com dois golos sofridos com Bobby Robson como treinador. Nessa \u00e9poca, era o Est\u00e1dio das Antas a fortaleza dos azuis e brancos e o <a class=\"autolink-enabled\" data-resource-id=\"451\" data-resource-type=\"team\" data-sport=\"football\" href=\"https:\/\/www.abola.pt\/futebol\/fc-porto-451\" rel=\"nofollow noopener\" target=\"_blank\">FC Porto<\/a> venceria essa edi\u00e7\u00e3o do campeonato, com mais 11 pontos que o <a class=\"autolink-enabled\" data-resource-id=\"450\" data-resource-type=\"team\" data-sport=\"football\" href=\"https:\/\/www.abola.pt\/futebol\/benfica-450\" rel=\"nofollow noopener\" target=\"_blank\">Benfica<\/a>.<\/p>\n","protected":false},"excerpt":{"rendered":"\u00daltima derrota do FC Porto na Liga foi com o E. Amadora, na Reboleira. No Drag\u00e3o, a hist\u00f3ria&hellip;\n","protected":false},"author":2,"featured_media":187223,"comment_status":"","ping_status":"","sticky":false,"template":"","format":"standard","meta":{"footnotes":""},"categories":[87],"tags":[135,32,33,134],"class_list":{"0":"post-187222","1":"post","2":"type-post","3":"status-publish","4":"format-standard","5":"has-post-thumbnail","7":"category-desporto","8":"tag-desporto","9":"tag-portugal","10":"tag-pt","11":"tag-sports"},"share_on_mastodon":{"url":"https:\/\/pubeurope.com\/@pt\/115715066293991788","error":""},"_links":{"self":[{"href":"https:\/\/www.europesays.com\/pt\/wp-json\/wp\/v2\/posts\/187222","targetHints":{"allow":["GET"]}}],"collection":[{"href":"https:\/\/www.europesays.com\/pt\/wp-json\/wp\/v2\/posts"}],"about":[{"href":"https:\/\/www.europesays.com\/pt\/wp-json\/wp\/v2\/types\/post"}],"author":[{"embeddable":true,"href":"https:\/\/www.europesays.com\/pt\/wp-json\/wp\/v2\/users\/2"}],"replies":[{"embeddable":true,"href":"https:\/\/www.europesays.com\/pt\/wp-json\/wp\/v2\/comments?post=187222"}],"version-history":[{"count":0,"href":"https:\/\/www.europesays.com\/pt\/wp-json\/wp\/v2\/posts\/187222\/revisions"}],"wp:featuredmedia":[{"embeddable":true,"href":"https:\/\/www.europesays.com\/pt\/wp-json\/wp\/v2\/media\/187223"}],"wp:attachment":[{"href":"https:\/\/www.europesays.com\/pt\/wp-json\/wp\/v2\/media?parent=187222"}],"wp:term":[{"taxonomy":"category","embeddable":true,"href":"https:\/\/www.europesays.com\/pt\/wp-json\/wp\/v2\/categories?post=187222"},{"taxonomy":"post_tag","embeddable":true,"href":"https:\/\/www.europesays.com\/pt\/wp-json\/wp\/v2\/tags?post=187222"}],"curies":[{"name":"wp","href":"https:\/\/api.w.org\/{rel}","templated":true}]}}