{"id":187237,"date":"2025-12-14T00:34:11","date_gmt":"2025-12-14T00:34:11","guid":{"rendered":"https:\/\/www.europesays.com\/pt\/187237\/"},"modified":"2025-12-14T00:34:11","modified_gmt":"2025-12-14T00:34:11","slug":"batman-parte-2-nao-tera-brad-pitt-diz-site","status":"publish","type":"post","link":"https:\/\/www.europesays.com\/pt\/187237\/","title":{"rendered":"Batman: Parte 2 n\u00e3o ter\u00e1 Brad Pitt, diz site"},"content":{"rendered":"<p class=\"wp-block-yoast-seo-estimated-reading-time yoast-reading-time__wrapper\">Estimated reading time: 2 minutos<\/p>\n<p>Um recente rumor apontou que o astro <strong>Brad Pitt<\/strong> estaria em negocia\u00e7\u00f5es para se juntar ao elenco de <a href=\"https:\/\/ovicio.com.br\/tag\/batman\" rel=\"nofollow noopener\" target=\"_blank\">Batman: Parte 2<\/a> como um vil\u00e3o. No entanto, parece que a informa\u00e7\u00e3o n\u00e3o era verdadeira.<\/p>\n<p>De acordo com o <a href=\"https:\/\/view.email.hollywoodreporter.com\/?qs=07df8d08af65dc83ca229ede4d5bb65005f2a5bc344aa23194f84d3fee32feb4f2df2b3e6bd05888cd922d2569f078614345bd4a4f7a126b18e6960b9239e3979cccb5fee642fb60\" target=\"_blank\" rel=\"noreferrer noopener nofollow\">Hollywood Reporter<\/a>, esse boato de fato circulou por meses nos bastidores, mas fontes ligadas \u00e0 produ\u00e7\u00e3o garantiram que, n\u00e3o, Pitt n\u00e3o estar\u00e1 na sequ\u00eancia. Ainda \u00e9 poss\u00edvel que um grande nome se junte ao elenco da continua\u00e7\u00e3o, mas n\u00e3o ser\u00e1 Pitt.<\/p>\n<p>At\u00e9 o momento, a grande novidade em <strong>Batman: Parte 2<\/strong> \u00e9 a atriz <a href=\"https:\/\/ovicio.com.br\/tag\/scarlett-johansson\" rel=\"nofollow noopener\" target=\"_blank\">Scarlett Johansson<\/a>, que est\u00e1 em negocia\u00e7\u00f5es finais e \u00e9 dada como certa na sequ\u00eancia, interpretando uma misteriosa vil\u00e3 e novo interesse amoroso de <strong>Bruce Wayne<\/strong> (Robert Pattinson).<\/p>\n<p>Al\u00e9m de Pattinson e Johansson, o elenco tamb\u00e9m contar\u00e1 com <strong>Jeffrey Wright<\/strong> como <strong>Gordon<\/strong>, <strong>Andy Serkis<\/strong> como <strong>Alfred<\/strong> e <strong>Colin Farrell<\/strong> como <strong>Pinguim<\/strong>. A <strong>Mulher-Gato<\/strong> de <strong>Zoe Kravitz<\/strong>, dessa vez, pode ficar ausente.<\/p>\n<p><strong>Batman: Parte 2<\/strong> chegar\u00e1 aos cinemas em 1\u00ba de outubro de 2027.<\/p>\n<p>Leia tamb\u00e9m sobre Batman:<\/p>\n","protected":false},"excerpt":{"rendered":"Estimated reading time: 2 minutos Um recente rumor apontou que o astro Brad Pitt estaria em negocia\u00e7\u00f5es para&hellip;\n","protected":false},"author":2,"featured_media":187238,"comment_status":"","ping_status":"","sticky":false,"template":"","format":"standard","meta":{"footnotes":""},"categories":[140],"tags":[16365,8151,114,115,147,148,146,32,33],"class_list":{"0":"post-187237","1":"post","2":"type-post","3":"status-publish","4":"format-standard","5":"has-post-thumbnail","7":"category-filmes","8":"tag-batman-parte-2","9":"tag-brad-pitt","10":"tag-entertainment","11":"tag-entretenimento","12":"tag-film","13":"tag-filmes","14":"tag-movies","15":"tag-portugal","16":"tag-pt"},"share_on_mastodon":{"url":"https:\/\/pubeurope.com\/@pt\/115715117476235286","error":""},"_links":{"self":[{"href":"https:\/\/www.europesays.com\/pt\/wp-json\/wp\/v2\/posts\/187237","targetHints":{"allow":["GET"]}}],"collection":[{"href":"https:\/\/www.europesays.com\/pt\/wp-json\/wp\/v2\/posts"}],"about":[{"href":"https:\/\/www.europesays.com\/pt\/wp-json\/wp\/v2\/types\/post"}],"author":[{"embeddable":true,"href":"https:\/\/www.europesays.com\/pt\/wp-json\/wp\/v2\/users\/2"}],"replies":[{"embeddable":true,"href":"https:\/\/www.europesays.com\/pt\/wp-json\/wp\/v2\/comments?post=187237"}],"version-history":[{"count":0,"href":"https:\/\/www.europesays.com\/pt\/wp-json\/wp\/v2\/posts\/187237\/revisions"}],"wp:featuredmedia":[{"embeddable":true,"href":"https:\/\/www.europesays.com\/pt\/wp-json\/wp\/v2\/media\/187238"}],"wp:attachment":[{"href":"https:\/\/www.europesays.com\/pt\/wp-json\/wp\/v2\/media?parent=187237"}],"wp:term":[{"taxonomy":"category","embeddable":true,"href":"https:\/\/www.europesays.com\/pt\/wp-json\/wp\/v2\/categories?post=187237"},{"taxonomy":"post_tag","embeddable":true,"href":"https:\/\/www.europesays.com\/pt\/wp-json\/wp\/v2\/tags?post=187237"}],"curies":[{"name":"wp","href":"https:\/\/api.w.org\/{rel}","templated":true}]}}