{"id":187241,"date":"2025-12-14T00:36:18","date_gmt":"2025-12-14T00:36:18","guid":{"rendered":"https:\/\/www.europesays.com\/pt\/187241\/"},"modified":"2025-12-14T00:36:18","modified_gmt":"2025-12-14T00:36:18","slug":"5-habitos-baratos-que-superam-os-modismos-do-bem-estar-segundo-especialistas","status":"publish","type":"post","link":"https:\/\/www.europesays.com\/pt\/187241\/","title":{"rendered":"5 h\u00e1bitos baratos que superam os modismos do bem-estar segundo especialistas"},"content":{"rendered":"<p>A busca por bem-estar ganhou for\u00e7a nas redes sociais, onde surgem diariamente modismos de sa\u00fade com promessas de resultados r\u00e1pidos. Muitos desses h\u00e1bitos envolvem suplementos caros, prote\u00ednas em p\u00f3 e bebidas \u201cdetox\u201d que prometem melhorar o intestino, o sono e a disposi\u00e7\u00e3o geral, mas especialistas t\u00eam chamado aten\u00e7\u00e3o para alternativas simples, de baixo custo e sustent\u00e1veis, que podem ser inclu\u00eddas na rotina sem grandes mudan\u00e7as e sem depender de produtos da moda.<\/p>\n<p><img data-portal-copyright=\"Imagem gerada por intelig\u00eancia artificial\" fetchpriority=\"high\" decoding=\"async\" class=\"size-full wp-image-2675941\" src=\"https:\/\/www.europesays.com\/pt\/wp-content\/uploads\/2025\/12\/freepik-pessoa-em-casa-pela-manh-segurando-um-copo-de-gua-14465.png\" alt=\"A combina\u00e7\u00e3o de \u00e1gua morna com lim\u00e3o tem sido adotada como substituta de bebidas detox industrializadas\" width=\"1280\" height=\"731\"  \/>A combina\u00e7\u00e3o de \u00e1gua morna com lim\u00e3o tem sido adotada como substituta de bebidas detox industrializadasImagem gerada por intelig\u00eancia artificial<br \/>\n\u00c1gua morna com lim\u00e3o \u00e9 uma alternativa simples aos detox industrializados<\/p>\n<p>A combina\u00e7\u00e3o de <strong>\u00e1gua morna com lim\u00e3o<\/strong> tem sido adotada como substituta de bebidas detox industrializadas. Seu principal objetivo \u00e9 garantir hidrata\u00e7\u00e3o logo no in\u00edcio do dia e estimular levemente o sistema digestivo, sem promessas irreais de \u201climpeza\u201d ou perda de peso r\u00e1pida.<\/p>\n<p>Profissionais costumam apontar alguns pontos pr\u00e1ticos desse h\u00e1bito, ressaltando que ele deve ser visto como complemento de um estilo de vida equilibrado, e n\u00e3o como solu\u00e7\u00e3o \u00fanica para problemas de sa\u00fade:<\/p>\n<ul>\n<li><strong>Hidrata\u00e7\u00e3o matinal<\/strong>, importante ap\u00f3s v\u00e1rias horas de sono;<\/li>\n<li><strong>Est\u00edmulo suave da digest\u00e3o<\/strong>, ajudando o organismo a \u201cacordar\u201d;<\/li>\n<li><strong>Custo reduzido<\/strong>, em compara\u00e7\u00e3o com bebidas prontas e sucos funcionais;<\/li>\n<li><strong>Rotina f\u00e1cil de manter<\/strong>, sem necessidade de equipamentos ou ingredientes raros.<\/li>\n<\/ul>\n<p>Algumas pessoas optam por adicionar uma pequena quantidade de mel, desde que n\u00e3o haja restri\u00e7\u00e3o m\u00e9dica ao uso de a\u00e7\u00facares. Em todos os casos, profissionais de sa\u00fade orientam aten\u00e7\u00e3o \u00e0 sensibilidade dental e ao est\u00f4mago, evitando exageros na quantidade de lim\u00e3o ao longo do dia.<\/p>\n<p>Confira um v\u00eddeo do canal no <strong>Youtube Dicas Variadas<\/strong> sobre os benef\u00edcios da \u00e1gua com lim\u00e3o:<\/p>\n<p>Como melhorar o intestino sem gastar com suplementos caros?<\/p>\n<p>A<a href=\"https:\/\/catracalivre.com.br\/noticias\/a-saude-intestinal-e-o-fator-mais-decisivo-para-manter-uma-boa-pele\/\" target=\"_blank\" rel=\"noopener nofollow\"> <strong>sa\u00fade intestinal<\/strong><\/a> est\u00e1 entre os temas mais comentados nas redes sociais, muitas vezes associada ao consumo de p\u00f3s de fibras, c\u00e1psulas e bebidas probi\u00f3ticas. No entanto, especialistas refor\u00e7am que a base desse cuidado \u00e9 uma alimenta\u00e7\u00e3o rica em fibras naturais, presente em gr\u00e3os, frutas, legumes e sementes, aliada a hidrata\u00e7\u00e3o e atividade f\u00edsica regular.<\/p>\n<p>Alguns exemplos de alimentos \u00fateis para o tr\u00e2nsito intestinal e para a sensa\u00e7\u00e3o de saciedade incluem op\u00e7\u00f5es acess\u00edveis do dia a dia, que podem ser inseridas progressivamente nas refei\u00e7\u00f5es principais e lanches intermedi\u00e1rios:<\/p>\n<ul>\n<li><strong>Aveia<\/strong>, que pode ser usada em mingaus, panquecas ou \u201covernight oats\u201d;<\/li>\n<li><strong>Feij\u00f5es e outras leguminosas<\/strong>, como lentilha e gr\u00e3o-de-bico;<\/li>\n<li><strong>Sementes de chia<\/strong>, que fornecem fibras e gorduras boas;<\/li>\n<li><strong>Frutas com casca<\/strong>, como ma\u00e7\u00e3 e pera, quando bem higienizadas;<\/li>\n<li><strong>Oleaginosas<\/strong>, a exemplo de am\u00eandoas e castanhas.<\/li>\n<\/ul>\n<p>Esses alimentos contribuem n\u00e3o apenas para o funcionamento do intestino, mas tamb\u00e9m para o controle de glicemia e aux\u00edlio na manuten\u00e7\u00e3o do peso corporal. A recomenda\u00e7\u00e3o frequente \u00e9 aumentar o teor de fibras de forma gradual e sempre acompanhar com ingest\u00e3o adequada de \u00e1gua, evitando desconfortos como gases e distens\u00e3o abdominal.<\/p>\n<p>Chia e outras sementes podem ser aliadas da sa\u00fade digestiva?<\/p>\n<p>A <strong>\u00e1gua com chia<\/strong> ganhou visibilidade em plataformas digitais, mas seu uso \u00e9 antigo em diversas culturas. As sementes de chia concentram fibras, prote\u00ednas e \u00e1cidos graxos <a href=\"https:\/\/catracalivre.com.br\/saude-bem-estar\/7-alimentos-poderosos-para-diminuir-o-estresse-naturalmente\/\" target=\"_blank\" rel=\"noopener nofollow\">\u00f4mega-3<\/a> de origem vegetal, e ao entrarem em contato com a \u00e1gua formam um gel que contribui para sensa\u00e7\u00e3o de saciedade e auxilia o tr\u00e2nsito intestinal.<\/p>\n<p>O consumo costuma ser feito de maneiras simples, que podem ser facilmente adaptadas \u00e0 rotina, sempre com aten\u00e7\u00e3o \u00e0 quantidade e \u00e0 boa ingest\u00e3o de l\u00edquidos durante o dia:<\/p>\n<ol>\n<li>Hidratar de 1 colher de ch\u00e1 a 1 colher de sopa de chia em \u00e1gua por cerca de 10 a 15 minutos;<\/li>\n<li>Adicionar as sementes hidratadas a iogurtes, mingaus, vitaminas ou prepara\u00e7\u00f5es como pudins de chia;<\/li>\n<li>Evitar ingerir chia totalmente seca em grandes quantidades, para reduzir o risco de desconforto digestivo;<\/li>\n<li>Manter boa ingest\u00e3o de l\u00edquidos ao longo do dia, favorecendo o efeito das fibras.<\/li>\n<\/ol>\n<p>Al\u00e9m da chia, outras sementes como linha\u00e7a e gergelim podem complementar a alimenta\u00e7\u00e3o. A escolha entre uma ou outra varia conforme prefer\u00eancia, toler\u00e2ncia individual e recomenda\u00e7\u00f5es espec\u00edficas de profissionais de sa\u00fade, mantendo o foco em um padr\u00e3o alimentar equilibrado e n\u00e3o em um \u00fanico ingrediente \u201cmilagroso\u201d.<\/p>\n<p><img loading=\"lazy\" data-portal-copyright=\"Imagem gerada por intelig\u00eancia artificial\" decoding=\"async\" class=\"size-full wp-image-2675938\" src=\"https:\/\/www.europesays.com\/pt\/wp-content\/uploads\/2025\/12\/freepik-mesa-de-caf-da-manh-simples-com-aveia-frutas-com-c-14467.jpeg\" alt=\"A combina\u00e7\u00e3o de \u00e1gua morna com lim\u00e3o tem sido adotada como substituta de bebidas detox industrializadas\" width=\"1280\" height=\"731\"  \/>A combina\u00e7\u00e3o de \u00e1gua morna com lim\u00e3o tem sido adotada como substituta de bebidas detox industrializadasImagem gerada por intelig\u00eancia artificial<br \/>\nComo otimizar o sono sem depender de gadgets caros?<\/p>\n<p>O chamado \u201caperfei\u00e7oamento do sono\u201d, muitas vezes citado como sleepmaxxing, trouxe ao mercado uma s\u00e9rie de gadgets, aplicativos e produtos com promessas de noites perfeitas. M\u00e9dicos do sono, por\u00e9m, costumam priorizar mudan\u00e7as de rotina e de ambiente, conhecidas como <strong>higiene do sono<\/strong>, que n\u00e3o exigem grandes investimentos financeiros e podem ser mantidas a longo prazo.<\/p>\n<p>Entre as estrat\u00e9gias mais citadas est\u00e3o cuidados simples que ajudam a regular o rel\u00f3gio biol\u00f3gico e favorecer um sono mais profundo e reparador, com impacto direto em pele, humor, imunidade, controle de peso e concentra\u00e7\u00e3o ao longo do dia:<\/p>\n<ul>\n<li>Manter <strong>hor\u00e1rios regulares<\/strong> para dormir e acordar, inclusive em fins de semana;<\/li>\n<li>Deixar o quarto <strong>escuro, silencioso e em temperatura mais baixa<\/strong>;<\/li>\n<li>Reduzir exposi\u00e7\u00e3o a telas e luzes fortes pelo menos algum tempo antes de deitar;<\/li>\n<li>Criar um <strong>ritual relaxante<\/strong>, como leitura leve ou banho morno;<\/li>\n<li>Evitar refei\u00e7\u00f5es muito pesadas, cafe\u00edna e bebidas estimulantes perto do hor\u00e1rio de dormir.<\/li>\n<\/ul>\n<p>Algumas pessoas utilizam itens simples como m\u00e1scaras de dormir ou tamp\u00f5es de ouvido para adaptar melhor o ambiente quando n\u00e3o \u00e9 poss\u00edvel controlar totalmente a luz ou o ru\u00eddo. Em caso de ins\u00f4nia persistente, ronco intenso ou pausas na respira\u00e7\u00e3o, a orienta\u00e7\u00e3o \u00e9 buscar avalia\u00e7\u00e3o m\u00e9dica para investiga\u00e7\u00e3o de poss\u00edveis dist\u00farbios do sono.<\/p>\n<p>Em meio a tantas tend\u00eancias de bem-estar, pr\u00e1ticas como \u00e1gua morna com lim\u00e3o, aumento de fibras por meio de alimentos naturais, uso moderado de sementes como a chia e ajustes na rotina de sono se destacam por serem acess\u00edveis, adapt\u00e1veis e alinhadas \u00e0s recomenda\u00e7\u00f5es de profissionais de sa\u00fade. Antes de aderir a qualquer modismo, recomenda-se avaliar as pr\u00f3prias necessidades, buscar informa\u00e7\u00f5es confi\u00e1veis e consultar um m\u00e9dico ou nutricionista, quando necess\u00e1rio, para que o cuidado com a sa\u00fade seja sustentado por h\u00e1bitos consistentes e realistas.<\/p>\n","protected":false},"excerpt":{"rendered":"A busca por bem-estar ganhou for\u00e7a nas redes sociais, onde surgem diariamente modismos de sa\u00fade com promessas de&hellip;\n","protected":false},"author":2,"featured_media":187242,"comment_status":"","ping_status":"","sticky":false,"template":"","format":"standard","meta":{"footnotes":""},"categories":[86],"tags":[538,116,32,33,13756,117],"class_list":{"0":"post-187241","1":"post","2":"type-post","3":"status-publish","4":"format-standard","5":"has-post-thumbnail","7":"category-saude","8":"tag-bem-estar","9":"tag-health","10":"tag-portugal","11":"tag-pt","12":"tag-qualidade-do-sono","13":"tag-saude"},"share_on_mastodon":{"url":"https:\/\/pubeurope.com\/@pt\/115715125112656568","error":""},"_links":{"self":[{"href":"https:\/\/www.europesays.com\/pt\/wp-json\/wp\/v2\/posts\/187241","targetHints":{"allow":["GET"]}}],"collection":[{"href":"https:\/\/www.europesays.com\/pt\/wp-json\/wp\/v2\/posts"}],"about":[{"href":"https:\/\/www.europesays.com\/pt\/wp-json\/wp\/v2\/types\/post"}],"author":[{"embeddable":true,"href":"https:\/\/www.europesays.com\/pt\/wp-json\/wp\/v2\/users\/2"}],"replies":[{"embeddable":true,"href":"https:\/\/www.europesays.com\/pt\/wp-json\/wp\/v2\/comments?post=187241"}],"version-history":[{"count":0,"href":"https:\/\/www.europesays.com\/pt\/wp-json\/wp\/v2\/posts\/187241\/revisions"}],"wp:featuredmedia":[{"embeddable":true,"href":"https:\/\/www.europesays.com\/pt\/wp-json\/wp\/v2\/media\/187242"}],"wp:attachment":[{"href":"https:\/\/www.europesays.com\/pt\/wp-json\/wp\/v2\/media?parent=187241"}],"wp:term":[{"taxonomy":"category","embeddable":true,"href":"https:\/\/www.europesays.com\/pt\/wp-json\/wp\/v2\/categories?post=187241"},{"taxonomy":"post_tag","embeddable":true,"href":"https:\/\/www.europesays.com\/pt\/wp-json\/wp\/v2\/tags?post=187241"}],"curies":[{"name":"wp","href":"https:\/\/api.w.org\/{rel}","templated":true}]}}