{"id":187245,"date":"2025-12-14T00:40:30","date_gmt":"2025-12-14T00:40:30","guid":{"rendered":"https:\/\/www.europesays.com\/pt\/187245\/"},"modified":"2025-12-14T00:40:30","modified_gmt":"2025-12-14T00:40:30","slug":"trump-lanca-gold-card-e-em-troca-de-1-milhao-da-residencia-nos-eua","status":"publish","type":"post","link":"https:\/\/www.europesays.com\/pt\/187245\/","title":{"rendered":"Trump lan\u00e7a &#8220;gold card&#8221; e, em troca de 1 milh\u00e3o, d\u00e1 resid\u00eancia nos EUA"},"content":{"rendered":"<p>&#8220;O cart\u00e3o dourado Trump do Governo dos Estados Unidos j\u00e1 est\u00e1 aqui&#8221;, assinalou o chefe de Estado nas redes sociais, segundo a ag\u00eancia de not\u00edcias espanhola Europa Press.<\/p>\n<p>Trump descreveu o programa como &#8220;um caminho direto para a cidadania para todas as pessoas qualificadas e verificadas&#8221;.<\/p>\n<p>A Casa Branca (presid\u00eancia) explicou que em troca de um milh\u00e3o de d\u00f3lares e de mais 15 mil d\u00f3lares em despesas de processamento, os requerentes entrar\u00e3o num processo acelerado para receber a resid\u00eancia &#8220;em tempo recorde&#8221;.<\/p>\n<p>No momento do an\u00fancio inicial da iniciativa, em fevereiro, o secret\u00e1rio do Com\u00e9rcio, Howard Lutnick, afirmou que o visto dourado funcionaria como substituto do visto EB-5 reservado a investidores estrangeiros.<\/p>\n<p>O &#8216;site&#8217; do Governo para requerer a nova autoriza\u00e7\u00e3o de resid\u00eancia tem o nome de Trump (<a href=\"https:\/\/trumpcard.gov\/\" target=\"_blank\" rel=\"noopener nofollow\">https:\/\/trumpcard.gov\/<\/a>) e convida a &#8220;desbloquear a vida na Am\u00e9rica&#8221;.<\/p>\n<p>Surge depois um &#8220;cart\u00e3o dourado&#8221; com imagens da cara de Trump, da est\u00e1tua da Liberdade e de uma \u00e1guia, com a assinatura do 45.\u00ba e 47.\u00ba Presidente dos Estados Unidos.<\/p>\n<p>&#8220;O Trump Gold Card \u00e9 um visto baseado na capacidade de um indiv\u00edduo de proporcionar um benef\u00edcio substancial aos Estados Unidos&#8221;, l\u00ea-se no &#8216;site&#8217;.<\/p>\n<p>Al\u00e9m do &#8220;cart\u00e3o dourado&#8221;, tamb\u00e9m foram abertas inscri\u00e7\u00f5es para o &#8220;cart\u00e3o platina&#8221;, que custar\u00e1 cinco milh\u00f5es de d\u00f3lares (4,2 milh\u00f5es de euros), al\u00e9m dos 15 mil d\u00f3lares da taxa de processamento do Departamento de Seguran\u00e7a Interna.<\/p>\n<p>A vantagem \u00e9 que os estrangeiros que comprarem o Trump de platina &#8220;ter\u00e3o a possibilidade de passar at\u00e9 270 dias nos Estados Unidos sem estarem sujeitos aos impostos americanos sobre rendimentos n\u00e3o americanos&#8221;.<\/p>\n<p>Sublinhe-se que, ao abrigo das pol\u00edticas desta administra\u00e7\u00e3o norte-americana, e segundo dados do Departamento de Seguran\u00e7a Interna (DHS), foram realizadas mais 500 mil deporta\u00e7\u00f5es oficiais desde janeiro de 2025.<\/p>\n<p>Leia Tamb\u00e9m: <a href=\"https:\/\/www.noticiasaominuto.com\/mundo\/2903086\/russia-desconfia-de-abertura-de-zelensky-a-eleicoes\" target=\"_blank\" rel=\"noopener noreferrer nofollow\">R\u00fassia desconfia de abertura de Zelensky a elei\u00e7\u00f5es<\/a><\/p>\n","protected":false},"excerpt":{"rendered":"&#8220;O cart\u00e3o dourado Trump do Governo dos Estados Unidos j\u00e1 est\u00e1 aqui&#8221;, assinalou o chefe de Estado nas&hellip;\n","protected":false},"author":2,"featured_media":187246,"comment_status":"","ping_status":"","sticky":false,"template":"","format":"standard","meta":{"footnotes":""},"categories":[50],"tags":[27,28,15,16,14,25,26,21,22,62,12,13,19,20,23,24,17,18,29,30,31,63,64,65],"class_list":{"0":"post-187245","1":"post","2":"type-post","3":"status-publish","4":"format-standard","5":"has-post-thumbnail","7":"category-mundo","8":"tag-breaking-news","9":"tag-breakingnews","10":"tag-featured-news","11":"tag-featurednews","12":"tag-headlines","13":"tag-latest-news","14":"tag-latestnews","15":"tag-main-news","16":"tag-mainnews","17":"tag-mundo","18":"tag-news","19":"tag-noticias","20":"tag-noticias-principais","21":"tag-noticiasprincipais","22":"tag-principais-noticias","23":"tag-principaisnoticias","24":"tag-top-stories","25":"tag-topstories","26":"tag-ultimas","27":"tag-ultimas-noticias","28":"tag-ultimasnoticias","29":"tag-world","30":"tag-world-news","31":"tag-worldnews"},"share_on_mastodon":{"url":"https:\/\/pubeurope.com\/@pt\/115715140866217716","error":""},"_links":{"self":[{"href":"https:\/\/www.europesays.com\/pt\/wp-json\/wp\/v2\/posts\/187245","targetHints":{"allow":["GET"]}}],"collection":[{"href":"https:\/\/www.europesays.com\/pt\/wp-json\/wp\/v2\/posts"}],"about":[{"href":"https:\/\/www.europesays.com\/pt\/wp-json\/wp\/v2\/types\/post"}],"author":[{"embeddable":true,"href":"https:\/\/www.europesays.com\/pt\/wp-json\/wp\/v2\/users\/2"}],"replies":[{"embeddable":true,"href":"https:\/\/www.europesays.com\/pt\/wp-json\/wp\/v2\/comments?post=187245"}],"version-history":[{"count":0,"href":"https:\/\/www.europesays.com\/pt\/wp-json\/wp\/v2\/posts\/187245\/revisions"}],"wp:featuredmedia":[{"embeddable":true,"href":"https:\/\/www.europesays.com\/pt\/wp-json\/wp\/v2\/media\/187246"}],"wp:attachment":[{"href":"https:\/\/www.europesays.com\/pt\/wp-json\/wp\/v2\/media?parent=187245"}],"wp:term":[{"taxonomy":"category","embeddable":true,"href":"https:\/\/www.europesays.com\/pt\/wp-json\/wp\/v2\/categories?post=187245"},{"taxonomy":"post_tag","embeddable":true,"href":"https:\/\/www.europesays.com\/pt\/wp-json\/wp\/v2\/tags?post=187245"}],"curies":[{"name":"wp","href":"https:\/\/api.w.org\/{rel}","templated":true}]}}