{"id":187270,"date":"2025-12-14T01:03:14","date_gmt":"2025-12-14T01:03:14","guid":{"rendered":"https:\/\/www.europesays.com\/pt\/187270\/"},"modified":"2025-12-14T01:03:14","modified_gmt":"2025-12-14T01:03:14","slug":"recurso-do-fc-porto-sobre-interdicao-dos-setores-das-claques-nao-afetara-sporting-fc-porto","status":"publish","type":"post","link":"https:\/\/www.europesays.com\/pt\/187270\/","title":{"rendered":"Recurso do FC Porto sobre interdi\u00e7\u00e3o dos setores das claques n\u00e3o afetar\u00e1 Sporting &#8211; FC Porto"},"content":{"rendered":"<p>                    13 dezembro 2025 &#8211; 22:18<\/p>\n<p>Rece\u00e7\u00e3o ao E. Amadora, esta segunda-feira, decorrer\u00e1 com bancadas totalmente abertas<\/p>\n<p class=\"\">&#13;<br \/>\n        A <a href=\"https:\/\/www.record.pt\/futebol\/futebol-nacional\/liga-betclic\/fc-porto\/detalhe\/queda-de-vidros-em-alvalade-cd-manda-fechar-sectores-das-claques-no-dragao\" target=\"_self\" rel=\"tag nofollow noopener\">interdi\u00e7\u00e3o dos setores afetos \u00e0s claques portistas Super<br \/>\nDrag\u00f5es e Colectivo Ultras 95, no Est\u00e1dio do Drag\u00e3o<\/a>, marcou o final do processo<br \/>\ndisciplinar aberto pelo Conselho de Disciplina (CD) da FPF \u00e0 quebra de vidros<br \/>\nno cl\u00e1ssico com o Sporting, da 4\u00aa jornada da Liga Betclic, que feriu 17<br \/>\napoiantes leoninos.&#13;\n    <\/p>\n<p>                        Para ler TODOS OS ARTIGOS RECORD PREMIUM durante o dia 14.12.2025 insira o seu n\u00famero de telem\u00f3vel e clique em OK<\/p>\n<p>Consulte a aplica\u00e7\u00e3o MBway no seu telem\u00f3vel e aceite a transa\u00e7\u00e3o&#13;\n                    <\/p>\n<p>                        Os seus dados n\u00e3o ser\u00e3o guardados pelo Record<\/p>\n<p>                Por <a href=\"https:\/\/www.record.pt\/opiniao\/autores\/detalhe\/andre-monteiro\" rel=\"nofollow noopener\" target=\"_blank\">Andr\u00e9 Monteiro<\/a><\/p>\n","protected":false},"excerpt":{"rendered":"13 dezembro 2025 &#8211; 22:18 Rece\u00e7\u00e3o ao E. Amadora, esta segunda-feira, decorrer\u00e1 com bancadas totalmente abertas &#13; A&hellip;\n","protected":false},"author":2,"featured_media":187271,"comment_status":"","ping_status":"","sticky":false,"template":"","format":"standard","meta":{"footnotes":""},"categories":[87],"tags":[135,32,33,134],"class_list":{"0":"post-187270","1":"post","2":"type-post","3":"status-publish","4":"format-standard","5":"has-post-thumbnail","7":"category-desporto","8":"tag-desporto","9":"tag-portugal","10":"tag-pt","11":"tag-sports"},"share_on_mastodon":{"url":"https:\/\/pubeurope.com\/@pt\/115715231183916703","error":""},"_links":{"self":[{"href":"https:\/\/www.europesays.com\/pt\/wp-json\/wp\/v2\/posts\/187270","targetHints":{"allow":["GET"]}}],"collection":[{"href":"https:\/\/www.europesays.com\/pt\/wp-json\/wp\/v2\/posts"}],"about":[{"href":"https:\/\/www.europesays.com\/pt\/wp-json\/wp\/v2\/types\/post"}],"author":[{"embeddable":true,"href":"https:\/\/www.europesays.com\/pt\/wp-json\/wp\/v2\/users\/2"}],"replies":[{"embeddable":true,"href":"https:\/\/www.europesays.com\/pt\/wp-json\/wp\/v2\/comments?post=187270"}],"version-history":[{"count":0,"href":"https:\/\/www.europesays.com\/pt\/wp-json\/wp\/v2\/posts\/187270\/revisions"}],"wp:featuredmedia":[{"embeddable":true,"href":"https:\/\/www.europesays.com\/pt\/wp-json\/wp\/v2\/media\/187271"}],"wp:attachment":[{"href":"https:\/\/www.europesays.com\/pt\/wp-json\/wp\/v2\/media?parent=187270"}],"wp:term":[{"taxonomy":"category","embeddable":true,"href":"https:\/\/www.europesays.com\/pt\/wp-json\/wp\/v2\/categories?post=187270"},{"taxonomy":"post_tag","embeddable":true,"href":"https:\/\/www.europesays.com\/pt\/wp-json\/wp\/v2\/tags?post=187270"}],"curies":[{"name":"wp","href":"https:\/\/api.w.org\/{rel}","templated":true}]}}