{"id":187276,"date":"2025-12-14T01:09:22","date_gmt":"2025-12-14T01:09:22","guid":{"rendered":"https:\/\/www.europesays.com\/pt\/187276\/"},"modified":"2025-12-14T01:09:22","modified_gmt":"2025-12-14T01:09:22","slug":"camara-de-viseu-anuncia-parque-de-tecnologia-e-industria-criativa-almeida-henriques","status":"publish","type":"post","link":"https:\/\/www.europesays.com\/pt\/187276\/","title":{"rendered":"C\u00e2mara de Viseu anuncia Parque de Tecnologia e Ind\u00fastria Criativa Almeida Henriques"},"content":{"rendered":"<p>O presidente da C\u00e2mara Municipal de Viseu anunciou esta ter\u00e7a-feira que o antigo polo da Universidade Cat\u00f3lica onde se instalou a incubadora Vissaium XXI passar\u00e1 a chamar-se\u00a0Parque de Tecnologia e Ind\u00fastria Criativa Almeida Henriques, numa renova\u00e7\u00e3o que marca uma nova fase de investimento e capta\u00e7\u00e3o de empresas para aquele espa\u00e7o.<\/p>\n<p>Jo\u00e3o Azevedo confirmou que o parque ser\u00e1 alvo de beneficia\u00e7\u00f5es, incluindo interven\u00e7\u00f5es j\u00e1 em curso pela empresa Cr\u00edtical Software, que est\u00e1 a ampliar as instala\u00e7\u00f5es que ocupa e que prev\u00ea criar\u00a0200 novos postos de trabalho.<\/p>\n<p>O autarca afirmou que pretende aumentar o n\u00famero de empresas instaladas no parque, adiantando que espera anunciar novas entradas em breve. O autarca garantiu ainda que o Munic\u00edpio vai melhorar o espa\u00e7o urbano envolvente, nomeadamente ao n\u00edvel do estacionamento, para acompanhar o crescimento previsto.<\/p>\n<p>O anuncio foi feito no final da reuni\u00e3o do executivo que aprovou tamb\u00e9m o estudo urban\u00edstico Viso Norte. \u201cUm projecto importante para o desenvolvimento da cidade\u201d, salientou o autarca, e que vai ligar a Rotunda da Volvo \u00e0 EN229 em Travass\u00f3s de Baixo. <\/p>\n","protected":false},"excerpt":{"rendered":"O presidente da C\u00e2mara Municipal de Viseu anunciou esta ter\u00e7a-feira que o antigo polo da Universidade Cat\u00f3lica onde&hellip;\n","protected":false},"author":2,"featured_media":187277,"comment_status":"","ping_status":"","sticky":false,"template":"","format":"standard","meta":{"footnotes":""},"categories":[10],"tags":[27,28,15,16,14,25,26,21,22,12,13,19,20,32,23,24,33,17,18,29,30,31],"class_list":{"0":"post-187276","1":"post","2":"type-post","3":"status-publish","4":"format-standard","5":"has-post-thumbnail","7":"category-portugal","8":"tag-breaking-news","9":"tag-breakingnews","10":"tag-featured-news","11":"tag-featurednews","12":"tag-headlines","13":"tag-latest-news","14":"tag-latestnews","15":"tag-main-news","16":"tag-mainnews","17":"tag-news","18":"tag-noticias","19":"tag-noticias-principais","20":"tag-noticiasprincipais","21":"tag-portugal","22":"tag-principais-noticias","23":"tag-principaisnoticias","24":"tag-pt","25":"tag-top-stories","26":"tag-topstories","27":"tag-ultimas","28":"tag-ultimas-noticias","29":"tag-ultimasnoticias"},"share_on_mastodon":{"url":"https:\/\/pubeurope.com\/@pt\/115715254847361635","error":""},"_links":{"self":[{"href":"https:\/\/www.europesays.com\/pt\/wp-json\/wp\/v2\/posts\/187276","targetHints":{"allow":["GET"]}}],"collection":[{"href":"https:\/\/www.europesays.com\/pt\/wp-json\/wp\/v2\/posts"}],"about":[{"href":"https:\/\/www.europesays.com\/pt\/wp-json\/wp\/v2\/types\/post"}],"author":[{"embeddable":true,"href":"https:\/\/www.europesays.com\/pt\/wp-json\/wp\/v2\/users\/2"}],"replies":[{"embeddable":true,"href":"https:\/\/www.europesays.com\/pt\/wp-json\/wp\/v2\/comments?post=187276"}],"version-history":[{"count":0,"href":"https:\/\/www.europesays.com\/pt\/wp-json\/wp\/v2\/posts\/187276\/revisions"}],"wp:featuredmedia":[{"embeddable":true,"href":"https:\/\/www.europesays.com\/pt\/wp-json\/wp\/v2\/media\/187277"}],"wp:attachment":[{"href":"https:\/\/www.europesays.com\/pt\/wp-json\/wp\/v2\/media?parent=187276"}],"wp:term":[{"taxonomy":"category","embeddable":true,"href":"https:\/\/www.europesays.com\/pt\/wp-json\/wp\/v2\/categories?post=187276"},{"taxonomy":"post_tag","embeddable":true,"href":"https:\/\/www.europesays.com\/pt\/wp-json\/wp\/v2\/tags?post=187276"}],"curies":[{"name":"wp","href":"https:\/\/api.w.org\/{rel}","templated":true}]}}