{"id":187278,"date":"2025-12-14T01:10:24","date_gmt":"2025-12-14T01:10:24","guid":{"rendered":"https:\/\/www.europesays.com\/pt\/187278\/"},"modified":"2025-12-14T01:10:24","modified_gmt":"2025-12-14T01:10:24","slug":"avancado-do-fc-porto-envolvido-em-acidente-de-viacao-no-olival","status":"publish","type":"post","link":"https:\/\/www.europesays.com\/pt\/187278\/","title":{"rendered":"Avan\u00e7ado do FC Porto envolvido em acidente de via\u00e7\u00e3o no Olival"},"content":{"rendered":"<p><a target=\"_blank\" class=\"editor-link autolink-enabled\" href=\"https:\/\/www.abola.pt\/futebol\/jogador\/samu-aghehowa-267455\" data-resource-id=\"267455\" data-resource-type=\"player\" data-sport=\"football\" rel=\"nofollow noopener\">Samu<\/a> esteve envolvido na passada sexta-feira num acidente de via\u00e7\u00e3o a escassos metros do Centro de Treinos e Forma\u00e7\u00e3o Desportiva Jorge Costa, no Olival, de que resultaram apenas danos materiais. O avan\u00e7ado do <a target=\"_blank\" class=\"editor-link autolink-enabled\" href=\"https:\/\/www.abola.pt\/futebol\/fc-porto-451\" data-resource-id=\"451\" data-resource-type=\"team\" data-sport=\"football\" rel=\"nofollow noopener\">FC Porto<\/a> chegou de pronto a entendimento com o condutor do outro ve\u00edculo, facilitando os documentos da seguradora para se tratar de uma declara\u00e7\u00e3o amig\u00e1vel.<\/p>\n<p>Ainda assim, a GNR de Lever foi acionada para o local e est\u00e1 a realizar dilig\u00eancias para conclus\u00e3o do processo relativo ao acidente. O alerta foi dado cerca das 14h30, pouco depois de ter finalizado o treino da equipa principal do <a target=\"_blank\" class=\"editor-link autolink-enabled\" href=\"https:\/\/www.abola.pt\/futebol\/fc-porto-451\" data-resource-id=\"451\" data-resource-type=\"team\" data-sport=\"football\" rel=\"nofollow noopener\">FC Porto<\/a>, para um acidente rodovi\u00e1rio, na EN109-2, numa zona muito pr\u00f3xima da rua dos Pardieiros, a cerca de 300 metros do Centro de Treinos do Olival.<\/p>\n<p>Segundo fonte do <a target=\"_blank\" class=\"editor-link autolink-enabled\" href=\"https:\/\/www.abola.pt\/futebol\/fc-porto-451\" data-resource-id=\"451\" data-resource-type=\"team\" data-sport=\"football\" rel=\"nofollow noopener\">FC Porto<\/a>, Samu abandonou o local antes da chegada da GNR uma vez que o assunto j\u00e1 se encontrava devidamente tratado entre os envolvidos e o caso, agora, est\u00e1 entregue \u00e0s respetivas seguradoras.<\/p>\n<p><strong>A BOLA<\/strong> apurou que Samu e tamb\u00e9m o pr\u00f3prio FC Porto ficaram surpreendidos com a chamada das autoridades, no caso a GNR, por parte do condutor que se envolveu no acidente no momento em que o jogador azul e branco j\u00e1 tinha seguido para o seu domic\u00edlio, em Vila Nova de Gaia.<\/p>\n","protected":false},"excerpt":{"rendered":"Samu esteve envolvido na passada sexta-feira num acidente de via\u00e7\u00e3o a escassos metros do Centro de Treinos e&hellip;\n","protected":false},"author":2,"featured_media":187279,"comment_status":"","ping_status":"","sticky":false,"template":"","format":"standard","meta":{"footnotes":""},"categories":[8],"tags":[27,28,15,16,14,25,26,21,22,12,13,19,20,32,23,24,33,17,18,29,30,31],"class_list":{"0":"post-187278","1":"post","2":"type-post","3":"status-publish","4":"format-standard","5":"has-post-thumbnail","7":"category-principais-noticias","8":"tag-breaking-news","9":"tag-breakingnews","10":"tag-featured-news","11":"tag-featurednews","12":"tag-headlines","13":"tag-latest-news","14":"tag-latestnews","15":"tag-main-news","16":"tag-mainnews","17":"tag-news","18":"tag-noticias","19":"tag-noticias-principais","20":"tag-noticiasprincipais","21":"tag-portugal","22":"tag-principais-noticias","23":"tag-principaisnoticias","24":"tag-pt","25":"tag-top-stories","26":"tag-topstories","27":"tag-ultimas","28":"tag-ultimas-noticias","29":"tag-ultimasnoticias"},"share_on_mastodon":{"url":"https:\/\/pubeurope.com\/@pt\/115715258867469572","error":""},"_links":{"self":[{"href":"https:\/\/www.europesays.com\/pt\/wp-json\/wp\/v2\/posts\/187278","targetHints":{"allow":["GET"]}}],"collection":[{"href":"https:\/\/www.europesays.com\/pt\/wp-json\/wp\/v2\/posts"}],"about":[{"href":"https:\/\/www.europesays.com\/pt\/wp-json\/wp\/v2\/types\/post"}],"author":[{"embeddable":true,"href":"https:\/\/www.europesays.com\/pt\/wp-json\/wp\/v2\/users\/2"}],"replies":[{"embeddable":true,"href":"https:\/\/www.europesays.com\/pt\/wp-json\/wp\/v2\/comments?post=187278"}],"version-history":[{"count":0,"href":"https:\/\/www.europesays.com\/pt\/wp-json\/wp\/v2\/posts\/187278\/revisions"}],"wp:featuredmedia":[{"embeddable":true,"href":"https:\/\/www.europesays.com\/pt\/wp-json\/wp\/v2\/media\/187279"}],"wp:attachment":[{"href":"https:\/\/www.europesays.com\/pt\/wp-json\/wp\/v2\/media?parent=187278"}],"wp:term":[{"taxonomy":"category","embeddable":true,"href":"https:\/\/www.europesays.com\/pt\/wp-json\/wp\/v2\/categories?post=187278"},{"taxonomy":"post_tag","embeddable":true,"href":"https:\/\/www.europesays.com\/pt\/wp-json\/wp\/v2\/tags?post=187278"}],"curies":[{"name":"wp","href":"https:\/\/api.w.org\/{rel}","templated":true}]}}