{"id":187284,"date":"2025-12-14T01:17:10","date_gmt":"2025-12-14T01:17:10","guid":{"rendered":"https:\/\/www.europesays.com\/pt\/187284\/"},"modified":"2025-12-14T01:17:10","modified_gmt":"2025-12-14T01:17:10","slug":"e-um-dos-jogadores-mais-inteligentes-que-ja-jogaram-pelo-nosso-pais","status":"publish","type":"post","link":"https:\/\/www.europesays.com\/pt\/187284\/","title":{"rendered":"\u00ab\u00c9 um dos jogadores mais inteligentes que j\u00e1 jogaram pelo nosso pa\u00eds\u00bb"},"content":{"rendered":"<p>&#8211; Advertisement &#8211;<\/p>\n<p><strong>Bernardo Silva destacou a influ\u00eancia de Pep Guardiola e de Jo\u00e3o Moutinho na sua carreira. Portugu\u00eas deixou elogios para ambos.<\/strong><\/p>\n<p>Bernardo Silva falou sobre a influ\u00eancia de Pep Guardiola e de Jo\u00e3o Moutinho na sua carreira. Em entrevista ao portal brit\u00e2nico BBC, o internacional portugu\u00eas deixou v\u00e1rios elogios ao atual jogador do Braga, com quem trabalhou no AS Monaco.<\/p>\n<p>\u00abO Pep [Guardiola] \u00e9 obviamente uma grande influ\u00eancia para mim em termos de treinadores. Jogadores\u2026 quando cheguei ao M\u00f3naco, tive muita sorte de ter o Jo\u00e3o Moutinho l\u00e1 \u2013 um jogador portugu\u00eas que, para mim, \u00e9 um dos jogadores mais inteligentes que j\u00e1 jogaram pelo nosso pa\u00eds. Ent\u00e3o, ele tamb\u00e9m foi um mentor para mim e, de certa forma, um treinador, porque aprendi muito com ele\u00bb.<\/p>\n<p>\u00abEle foi uma grande influ\u00eancia, mas no Manchester City tamb\u00e9m tive muitos jogadores realmente bons que me ensinaram muito, desde Vincent Kompany a David Silva e Fernandinho. S\u00e3o tipos diferentes de jogadores e aprendem-se diferentes coisas com eles, mas definitivamente tive muitas influ\u00eancias distintas no futebol\u00bb, disse ainda.<\/p>\n<p>Bernardo Silva falou ainda sobre os elogios de Pep Guardiola:<\/p>\n<p>\u00abFico feliz que ele pense assim, porque os jogadores que ele treina n\u00e3o s\u00e3o maus jogadores! Acho que sou o jogador com mais jogos disputados sob o comando do Pep, ent\u00e3o \u00e9 \u00f3bvio que ele tem um carinho especial por mim, porque j\u00e1 faz muito tempo, mas, como disse, a influ\u00eancia do Pep sobre mim \u00e9 enorme. Aprendi muito nestes nove anos\u00bb.<\/p>\n<p>Podes ler <a href=\"https:\/\/bolanarede.pt\/especial-bola-na-rede\/atualidade\/bernardo-silva-revela-o-seu-melhor-amigo-no-futebol-e-um-sonho-que-ainda-precisa-de-cumprir-seria-a-maior-conquista-da-minha-vida\/\" target=\"_blank\" rel=\"noreferrer noopener nofollow\">mais declara\u00e7\u00f5es de Bernardo Silva<\/a>.<\/p>\n","protected":false},"excerpt":{"rendered":"&#8211; Advertisement &#8211; Bernardo Silva destacou a influ\u00eancia de Pep Guardiola e de Jo\u00e3o Moutinho na sua carreira.&hellip;\n","protected":false},"author":2,"featured_media":187285,"comment_status":"","ping_status":"","sticky":false,"template":"","format":"standard","meta":{"footnotes":""},"categories":[87],"tags":[260,5405,135,37959,2960,32,33,134],"class_list":{"0":"post-187284","1":"post","2":"type-post","3":"status-publish","4":"format-standard","5":"has-post-thumbnail","7":"category-desporto","8":"tag-atualidade","9":"tag-bernardo-silva","10":"tag-desporto","11":"tag-joao-moutinho","12":"tag-pep-guardiola","13":"tag-portugal","14":"tag-pt","15":"tag-sports"},"share_on_mastodon":{"url":"https:\/\/pubeurope.com\/@pt\/115715286271347901","error":""},"_links":{"self":[{"href":"https:\/\/www.europesays.com\/pt\/wp-json\/wp\/v2\/posts\/187284","targetHints":{"allow":["GET"]}}],"collection":[{"href":"https:\/\/www.europesays.com\/pt\/wp-json\/wp\/v2\/posts"}],"about":[{"href":"https:\/\/www.europesays.com\/pt\/wp-json\/wp\/v2\/types\/post"}],"author":[{"embeddable":true,"href":"https:\/\/www.europesays.com\/pt\/wp-json\/wp\/v2\/users\/2"}],"replies":[{"embeddable":true,"href":"https:\/\/www.europesays.com\/pt\/wp-json\/wp\/v2\/comments?post=187284"}],"version-history":[{"count":0,"href":"https:\/\/www.europesays.com\/pt\/wp-json\/wp\/v2\/posts\/187284\/revisions"}],"wp:featuredmedia":[{"embeddable":true,"href":"https:\/\/www.europesays.com\/pt\/wp-json\/wp\/v2\/media\/187285"}],"wp:attachment":[{"href":"https:\/\/www.europesays.com\/pt\/wp-json\/wp\/v2\/media?parent=187284"}],"wp:term":[{"taxonomy":"category","embeddable":true,"href":"https:\/\/www.europesays.com\/pt\/wp-json\/wp\/v2\/categories?post=187284"},{"taxonomy":"post_tag","embeddable":true,"href":"https:\/\/www.europesays.com\/pt\/wp-json\/wp\/v2\/tags?post=187284"}],"curies":[{"name":"wp","href":"https:\/\/api.w.org\/{rel}","templated":true}]}}