{"id":187292,"date":"2025-12-14T01:25:15","date_gmt":"2025-12-14T01:25:15","guid":{"rendered":"https:\/\/www.europesays.com\/pt\/187292\/"},"modified":"2025-12-14T01:25:15","modified_gmt":"2025-12-14T01:25:15","slug":"tiroteio-em-universidade-da-ivy-league-faz-pelo-menos-dois-mortos-policia-procura-suspeito","status":"publish","type":"post","link":"https:\/\/www.europesays.com\/pt\/187292\/","title":{"rendered":"Tiroteio em universidade da Ivy League faz pelo menos dois mortos. Pol\u00edcia procura suspeito"},"content":{"rendered":"<p>\t                Estudantes foram instru\u00eddos a permanecerem em abrigos at\u00e9 novo aviso. \u00c0s v\u00edtimas mortais, juntam-se oito feridos em estado cr\u00edtico<\/p>\n<p style=\"margin-bottom:11px\">Duas pessoas morreram durante um tiroteio na Universidade Brown em Providence, no estado americano de Rhode Island, este s\u00e1bado, <a href=\"https:\/\/apnews.com\/live\/brown-university-shooting-updates?utm_source=copy&amp;utm_medium=share\" target=\"_blank\" rel=\"nofollow noopener\">avan\u00e7ou a Associated Press<\/a>. A informa\u00e7\u00e3o foi, entretanto, confirmada pelo mayor da cidade, Brett Smiley, em confer\u00eancia de imprensa.<\/p>\n<p style=\"margin-bottom:11px\">O autarca confirmou a exist\u00eancia de pelo menos oito pessoas em estado cr\u00edtico e pediu \u00e0 popula\u00e7\u00e3o para n\u00e3o sair \u00e0 rua, uma vez que o suspeito de ter levado a cabo este tiroteio ainda n\u00e3o foi detido.<\/p>\n<p style=\"margin-bottom:11px\">O tiroteio teve lugar no departamento de Engenharia e F\u00edsica, juntou Smiley.<\/p>\n<p>A pol\u00edcia encontra-se \u00e0 procura do autor deste crime, de acordo com um alerta de emerg\u00eancia da universidade.<\/p>\n<p>Um outro alerta anterior, emitido pela universidade, informava que a pol\u00edcia tinha um suspeito sob cust\u00f3dia. Esta mesma informa\u00e7\u00e3o chegou a ser dada pelo pr\u00f3prio presidente dos EUA, Donald Trump, na Truth Social, antes de a ter corrigido numa mensagem posterior.<\/p>\n<p>&#8220;A Universidade Brown retirou o seu comunicado anterior &#8211; o suspeito n\u00e3o est\u00e1 sob cust\u00f3dia&#8221;, clarificou Trump, que desejou que &#8220;Deus aben\u00e7oe as v\u00edtimas e as fam\u00edlias das v\u00edtimas&#8221;.<\/p>\n<p>&#8220;\u00c9 uma pena. S\u00f3 nos resta rezar&#8221;, afirmou tamb\u00e9m Trump num outro momento, \u00e0 porta da Casa Branca.<\/p>\n<p>Houve mais de 70 tiroteios em escolas nos Estados Unidos at\u00e9 agora este ano, segundo a an\u00e1lise feita pela CNN dos eventos relatados pelo Gun Violence Archive, Education Week e Everytown for Gun Safety.<\/p>\n<p>A Universidade Brown, que pertence \u00e0 Ivy League, o conjunto de universidades mais prestigiadas dos EUA, est\u00e1 a coordenar a ocorr\u00eancia com v\u00e1rias ag\u00eancias policiais e servi\u00e7os m\u00e9dicos de emerg\u00eancia no local, perto de um edif\u00edcio de engenharia localizado no lado leste do campus, informou.<\/p>\n<p>Imagens das janelas da sala de aula de um edif\u00edcio do campus pareciam mostrar alunos agachados, alguns a fazer chamadas telef\u00f3nicas enquanto observavam a crescente presen\u00e7a de ve\u00edculos de emerg\u00eancia m\u00e9dica, bombeiros e pol\u00edcia do lado de fora, de acordo com a WJAR, afiliada da CNN.<\/p>\n","protected":false},"excerpt":{"rendered":"Estudantes foram instru\u00eddos a permanecerem em abrigos at\u00e9 novo aviso. \u00c0s v\u00edtimas mortais, juntam-se oito feridos em estado&hellip;\n","protected":false},"author":2,"featured_media":187293,"comment_status":"","ping_status":"","sticky":false,"template":"","format":"standard","meta":{"footnotes":""},"categories":[8],"tags":[609,836,611,27,28,37960,607,608,333,832,604,135,610,476,15,16,301,830,14,603,25,26,570,21,22,831,833,62,834,12,13,19,20,835,602,52,32,23,24,33,3512,37962,37961,17,18,29,30,31],"class_list":{"0":"post-187292","1":"post","2":"type-post","3":"status-publish","4":"format-standard","5":"has-post-thumbnail","7":"category-principais-noticias","8":"tag-alerta","9":"tag-analise","10":"tag-ao-minuto","11":"tag-breaking-news","12":"tag-breakingnews","13":"tag-brown-university","14":"tag-cnn","15":"tag-cnn-portugal","16":"tag-comentadores","17":"tag-costa","18":"tag-crime","19":"tag-desporto","20":"tag-direto","21":"tag-economia","22":"tag-featured-news","23":"tag-featurednews","24":"tag-governo","25":"tag-guerra","26":"tag-headlines","27":"tag-justica","28":"tag-latest-news","29":"tag-latestnews","30":"tag-live","31":"tag-main-news","32":"tag-mainnews","33":"tag-mais-vistas","34":"tag-marcelo","35":"tag-mundo","36":"tag-negocios","37":"tag-news","38":"tag-noticias","39":"tag-noticias-principais","40":"tag-noticiasprincipais","41":"tag-opiniao","42":"tag-pais","43":"tag-politica","44":"tag-portugal","45":"tag-principais-noticias","46":"tag-principaisnoticias","47":"tag-pt","48":"tag-tiroteio","49":"tag-tiroteio-escola","50":"tag-tiroteio-eua","51":"tag-top-stories","52":"tag-topstories","53":"tag-ultimas","54":"tag-ultimas-noticias","55":"tag-ultimasnoticias"},"share_on_mastodon":{"url":"","error":"Validation failed: Text character limit of 500 exceeded"},"_links":{"self":[{"href":"https:\/\/www.europesays.com\/pt\/wp-json\/wp\/v2\/posts\/187292","targetHints":{"allow":["GET"]}}],"collection":[{"href":"https:\/\/www.europesays.com\/pt\/wp-json\/wp\/v2\/posts"}],"about":[{"href":"https:\/\/www.europesays.com\/pt\/wp-json\/wp\/v2\/types\/post"}],"author":[{"embeddable":true,"href":"https:\/\/www.europesays.com\/pt\/wp-json\/wp\/v2\/users\/2"}],"replies":[{"embeddable":true,"href":"https:\/\/www.europesays.com\/pt\/wp-json\/wp\/v2\/comments?post=187292"}],"version-history":[{"count":0,"href":"https:\/\/www.europesays.com\/pt\/wp-json\/wp\/v2\/posts\/187292\/revisions"}],"wp:featuredmedia":[{"embeddable":true,"href":"https:\/\/www.europesays.com\/pt\/wp-json\/wp\/v2\/media\/187293"}],"wp:attachment":[{"href":"https:\/\/www.europesays.com\/pt\/wp-json\/wp\/v2\/media?parent=187292"}],"wp:term":[{"taxonomy":"category","embeddable":true,"href":"https:\/\/www.europesays.com\/pt\/wp-json\/wp\/v2\/categories?post=187292"},{"taxonomy":"post_tag","embeddable":true,"href":"https:\/\/www.europesays.com\/pt\/wp-json\/wp\/v2\/tags?post=187292"}],"curies":[{"name":"wp","href":"https:\/\/api.w.org\/{rel}","templated":true}]}}