{"id":187300,"date":"2025-12-14T01:32:15","date_gmt":"2025-12-14T01:32:15","guid":{"rendered":"https:\/\/www.europesays.com\/pt\/187300\/"},"modified":"2025-12-14T01:32:15","modified_gmt":"2025-12-14T01:32:15","slug":"via-muitas-semelhancas-com-o-seba-coates","status":"publish","type":"post","link":"https:\/\/www.europesays.com\/pt\/187300\/","title":{"rendered":"\u00abVia muitas semelhan\u00e7as com o Seba Coates\u00bb"},"content":{"rendered":"<p>&#8211; Advertisement &#8211;<\/p>\n<p>Mateus Fernandes e Jan Bednarek atuaram juntos ao servi\u00e7o do Southampton na \u00faltima temporada. O atual m\u00e9dio do West Ham United esteve \u00e0 conversa com o jornalista R\u00e9mi Martins, referindo que o jogador do FC Porto \u00e9 um exemplo, tal como Sebasti\u00e1n Coates, com quem o portugu\u00eas esteve no <a href=\"https:\/\/bolanarede.pt\/etiqueta\/sporting\/\" target=\"_blank\" rel=\"noreferrer noopener nofollow\">Sporting<\/a>:<\/p>\n<p>\u00abNa altura via muitas semelhan\u00e7as com o Seba Coates em termos de lideran\u00e7a. S\u00e3o jogadores que n\u00e3o falam a toda a hora, mas quando falam toda gente os ouve. Mesmo na forma de andar, de correr, o estilo de bater a bola fazia lembrar o Seba. \u00c9 um jogador de equipa, n\u00e3o \u00e9 muito de show off, nem nada do g\u00e9nero, quando vai \u00e9 para ganhar e dar o melhor de si, e \u00e9 um jogador muito regular. Tem consist\u00eancia nos jogos, faz muitos jogos muito bem feitos, ou seja, n\u00e3o faz um jogo bom e depois um mais ou menos, n\u00e3o. \u00c9 muito profissional naquilo que faz em termos de recupera\u00e7\u00e3o e de alimenta\u00e7\u00e3o. Numa equipa como o FC Porto, que joga todos os jogos para ganhar, e tendo esta sequ\u00eancia de vit\u00f3rias, acredito que est\u00e1 a viver um dos melhores anos da vida dele\u00bb.<\/p>\n<p>Jan Bednarek chegou a t\u00edtulo definitivo ao Drag\u00e3o no \u00faltimo ver\u00e3o, por sete milh\u00f5es e meio de euros. O jogador costuma ter a companhia de Jakub Kiwior no centro da defesa.<\/p>\n","protected":false},"excerpt":{"rendered":"&#8211; Advertisement &#8211; Mateus Fernandes e Jan Bednarek atuaram juntos ao servi\u00e7o do Southampton na \u00faltima temporada. O&hellip;\n","protected":false},"author":2,"featured_media":187301,"comment_status":"","ping_status":"","sticky":false,"template":"","format":"standard","meta":{"footnotes":""},"categories":[87],"tags":[260,135,282,3360,8708,32,479,33,134],"class_list":{"0":"post-187300","1":"post","2":"type-post","3":"status-publish","4":"format-standard","5":"has-post-thumbnail","7":"category-desporto","8":"tag-atualidade","9":"tag-desporto","10":"tag-fc-porto","11":"tag-jan-bednarek","12":"tag-mateus-fernandes","13":"tag-portugal","14":"tag-primeira-liga","15":"tag-pt","16":"tag-sports"},"share_on_mastodon":{"url":"https:\/\/pubeurope.com\/@pt\/115715345671022213","error":""},"_links":{"self":[{"href":"https:\/\/www.europesays.com\/pt\/wp-json\/wp\/v2\/posts\/187300","targetHints":{"allow":["GET"]}}],"collection":[{"href":"https:\/\/www.europesays.com\/pt\/wp-json\/wp\/v2\/posts"}],"about":[{"href":"https:\/\/www.europesays.com\/pt\/wp-json\/wp\/v2\/types\/post"}],"author":[{"embeddable":true,"href":"https:\/\/www.europesays.com\/pt\/wp-json\/wp\/v2\/users\/2"}],"replies":[{"embeddable":true,"href":"https:\/\/www.europesays.com\/pt\/wp-json\/wp\/v2\/comments?post=187300"}],"version-history":[{"count":0,"href":"https:\/\/www.europesays.com\/pt\/wp-json\/wp\/v2\/posts\/187300\/revisions"}],"wp:featuredmedia":[{"embeddable":true,"href":"https:\/\/www.europesays.com\/pt\/wp-json\/wp\/v2\/media\/187301"}],"wp:attachment":[{"href":"https:\/\/www.europesays.com\/pt\/wp-json\/wp\/v2\/media?parent=187300"}],"wp:term":[{"taxonomy":"category","embeddable":true,"href":"https:\/\/www.europesays.com\/pt\/wp-json\/wp\/v2\/categories?post=187300"},{"taxonomy":"post_tag","embeddable":true,"href":"https:\/\/www.europesays.com\/pt\/wp-json\/wp\/v2\/tags?post=187300"}],"curies":[{"name":"wp","href":"https:\/\/api.w.org\/{rel}","templated":true}]}}