{"id":187304,"date":"2025-12-14T01:37:08","date_gmt":"2025-12-14T01:37:08","guid":{"rendered":"https:\/\/www.europesays.com\/pt\/187304\/"},"modified":"2025-12-14T01:37:08","modified_gmt":"2025-12-14T01:37:08","slug":"joao-maria-jonet-donald-trump-esta-cada-vez-mais-envelhecido-e-alegadamente-a-trabalhar-menos-horas-por-dia","status":"publish","type":"post","link":"https:\/\/www.europesays.com\/pt\/187304\/","title":{"rendered":"Jo\u00e3o Maria Jonet: \u201cDonald Trump est\u00e1 cada vez mais envelhecido e alegadamente a trabalhar menos horas por dia\u201c"},"content":{"rendered":"<p>Jo\u00e3o Maria Jonet sublinhou a radicaliza\u00e7\u00e3o da autoria do documento, ressalvando que parece que quem escreveu o texto n\u00e3o falou com Donald Trump: \u201cIsto \u00e9 um exerc\u00edcio ret\u00f3rico da classe de assessores hiper-radicalizada do Partido Republicano\u201d, acrescentando que \u201ceste documento \u00e9 escrito por pessoas muito mais radicais do que o pr\u00f3prio Trump\u201d.<\/p>\n<p>Rui Tavares trouxe uma leitura incisiva sobre a mensagem impl\u00edcita na estrat\u00e9gia: \u201cA tradu\u00e7\u00e3o para America First \u00e9 Fuck You Europe\u201d, afirmou, explicando que o objetivo \u00e9 enfraquecer a Uni\u00e3o Europeia e favorecer governos nacionais fr\u00e1geis: \u201cO que a Europa deve ter \u00e9 governos nacionais fracos dominados por partidos financiados por Putin\u201d. Para o comentador, este documento \u00e9 um aviso claro: \u201cA grande vantagem desta Estrat\u00e9gia Nacional de Seguran\u00e7a \u00e9 como aquele momento nos filmes em que o vil\u00e3o diz exatamente o que vai fazer\u201d.<\/p>\n<p>Ana Cavalieri destacou as cr\u00edticas americanas \u00e0 Europa, apontando tr\u00eas fragilidades: demografia, defesa e economia. \u201cA Europa \u00e9 mais um fardo do que propriamente um parceiro\u201d, resumiu, alertando para o risco de perda de competitividade e coes\u00e3o social. A discuss\u00e3o terminou com um consenso inquietante: \u201cNeste momento, nem os interesses, nem os valores s\u00e3o comuns entre EUA e Europa\u201d, concluiu Rui Tavares, deixando no ar a pergunta sobre o futuro da alian\u00e7a transatl\u00e2ntica.<\/p>\n<p>O programa foi exibido na SIC Not\u00edcias a 13 de dezembro.<\/p>\n<p>Depois do podcast Decis\u00e3o Am\u00e9rica, chega o Elefante na Sala, com a an\u00e1lise e todas as novidades sobre a pol\u00edtica americana, com Ana Cavalieri e Jo\u00e3o Maria Jonet.<\/p>\n","protected":false},"excerpt":{"rendered":"Jo\u00e3o Maria Jonet sublinhou a radicaliza\u00e7\u00e3o da autoria do documento, ressalvando que parece que quem escreveu o texto&hellip;\n","protected":false},"author":2,"featured_media":107344,"comment_status":"","ping_status":"","sticky":false,"template":"","format":"standard","meta":{"footnotes":""},"categories":[50],"tags":[27,28,15,16,14,25,26,21,22,62,12,13,19,20,23,24,17,18,29,30,31,63,64,65],"class_list":{"0":"post-187304","1":"post","2":"type-post","3":"status-publish","4":"format-standard","5":"has-post-thumbnail","7":"category-mundo","8":"tag-breaking-news","9":"tag-breakingnews","10":"tag-featured-news","11":"tag-featurednews","12":"tag-headlines","13":"tag-latest-news","14":"tag-latestnews","15":"tag-main-news","16":"tag-mainnews","17":"tag-mundo","18":"tag-news","19":"tag-noticias","20":"tag-noticias-principais","21":"tag-noticiasprincipais","22":"tag-principais-noticias","23":"tag-principaisnoticias","24":"tag-top-stories","25":"tag-topstories","26":"tag-ultimas","27":"tag-ultimas-noticias","28":"tag-ultimasnoticias","29":"tag-world","30":"tag-world-news","31":"tag-worldnews"},"share_on_mastodon":{"url":"https:\/\/pubeurope.com\/@pt\/115715364951154179","error":""},"_links":{"self":[{"href":"https:\/\/www.europesays.com\/pt\/wp-json\/wp\/v2\/posts\/187304","targetHints":{"allow":["GET"]}}],"collection":[{"href":"https:\/\/www.europesays.com\/pt\/wp-json\/wp\/v2\/posts"}],"about":[{"href":"https:\/\/www.europesays.com\/pt\/wp-json\/wp\/v2\/types\/post"}],"author":[{"embeddable":true,"href":"https:\/\/www.europesays.com\/pt\/wp-json\/wp\/v2\/users\/2"}],"replies":[{"embeddable":true,"href":"https:\/\/www.europesays.com\/pt\/wp-json\/wp\/v2\/comments?post=187304"}],"version-history":[{"count":0,"href":"https:\/\/www.europesays.com\/pt\/wp-json\/wp\/v2\/posts\/187304\/revisions"}],"wp:featuredmedia":[{"embeddable":true,"href":"https:\/\/www.europesays.com\/pt\/wp-json\/wp\/v2\/media\/107344"}],"wp:attachment":[{"href":"https:\/\/www.europesays.com\/pt\/wp-json\/wp\/v2\/media?parent=187304"}],"wp:term":[{"taxonomy":"category","embeddable":true,"href":"https:\/\/www.europesays.com\/pt\/wp-json\/wp\/v2\/categories?post=187304"},{"taxonomy":"post_tag","embeddable":true,"href":"https:\/\/www.europesays.com\/pt\/wp-json\/wp\/v2\/tags?post=187304"}],"curies":[{"name":"wp","href":"https:\/\/api.w.org\/{rel}","templated":true}]}}