{"id":187305,"date":"2025-12-14T01:38:07","date_gmt":"2025-12-14T01:38:07","guid":{"rendered":"https:\/\/www.europesays.com\/pt\/187305\/"},"modified":"2025-12-14T01:38:07","modified_gmt":"2025-12-14T01:38:07","slug":"nuno-piteira-lopes-psd-e-ana-abrunhosa-ps-assumem-vice-presidencia","status":"publish","type":"post","link":"https:\/\/www.europesays.com\/pt\/187305\/","title":{"rendered":"Nuno Piteira Lopes (PSD) e Ana Abrunhosa (PS) assumem vice-presid\u00eancia"},"content":{"rendered":"<p>Os autarcas de Cascais e de Coimbra, Nuno Piteira Lopes (PSD) e Ana Abrunhosa (PS), respetivamente, v\u00e3o passar a ser os novos vice-presidentes da Associa\u00e7\u00e3o Nacional de Munic\u00edpios Portugueses (ANMP), na sequ\u00eancia do XXVII Congresso desta institui\u00e7\u00e3o, que decorre este fim-de-semana em Viana do Castelo. <\/p>\n<p>Tal como previsto, <a aria-label=\"content\" target=\"_blank\" href=\"https:\/\/www.dn.pt\/pol%C3%ADtica\/pedro-pimpo-oficializado-como-novo-presidente-da-associao-nacional-de-municpios\" rel=\"nofollow noopener\">a nova dire\u00e7\u00e3o da associa\u00e7\u00e3o ser\u00e1 liderada pelo social-democrata Pedro Pimp\u00e3o<\/a>, presidente da C\u00e2mara Municipal de Pombal, que foi o candidato \u00fanico \u00e0 lideran\u00e7a da associa\u00e7\u00e3o que representa os munic\u00edpios portugueses, sucedendo \u00e0 autarca socialista de Matosinhos, Lu\u00edsa Salgueiro. O PSD assume assim a lideran\u00e7a da ANMP, numa passagem de testemunho que reflete os resultados das \u00faltimas elei\u00e7\u00f5es aut\u00e1rquicas.<\/p>\n<p><strong>As escolhas de Piteira Lopes e de Ana Abrunhosa para a vice-presid\u00eancia da associa\u00e7\u00e3o reflete, igualmente, o novo equil\u00edbrio de for\u00e7as. O PSD passa a ter dois elementos na dire\u00e7\u00e3o, o presidente Pedro Pimp\u00e3o e o vice Nuno Piteira Lopes, enquanto o PS passa a estar representado por Ana Abrunhosa, ex-ministra do governo de Ant\u00f3nio Costa que conquistou a autarquia conimbricense nas \u00faltimas elei\u00e7\u00f5es, que tiveram lugar a 12 de outubro.<\/strong> O PS foi a segunda for\u00e7a pol\u00edtica mais votada, perdendo a lideran\u00e7a da ANMP.<\/p>\n<p>O facto de Cascais estar representada na dire\u00e7\u00e3o da associa\u00e7\u00e3o tem ainda outro peso simb\u00f3lico, que \u00e9 o facto de a ANMP passar a ter uma vila representada no seu \u00f3rg\u00e3o executivo.<\/p>\n<p>Por sua vez, o conselho geral da ANMP passa tamb\u00e9m a ser presidido por um peso pesado do PSD, o presidente da C\u00e2mara do Porto, Pedro Duarte.<\/p>\n<p><strong>Lei das Finan\u00e7as Locais ser\u00e1 grande prioridade<\/strong><\/p>\n<p>A nova dire\u00e7\u00e3o da ANMP dever\u00e1 manter uma posi\u00e7\u00e3o firme na negocia\u00e7\u00e3o com o Governo para a revis\u00e3o da Lei das Finan\u00e7as Locais. Pedro Pimp\u00e3o tem defendido que as autarquias devem receber mais verbas para poderem assumir as responsabilidades acrescidas que o Estado tem vindo a transferir para a sua responsabilidade.<\/p>\n<p>\u201cFruto da avalia\u00e7\u00e3o que temos feito, os munic\u00edpios t\u00eam assumido despesas muito para al\u00e9m dos recursos recebidos, fruto da descentraliza\u00e7\u00e3o\u201d, defende o novo presidente da ANMP num documento citado pelo jornal Eco.<\/p>\n<p>Para fazer frente a estes encargos<strong>, Pimp\u00e3o defende que seja feita uma &#8220;revis\u00e3o anual dos custos reais da descentraliza\u00e7\u00e3o&#8221; para as autarquias, que t\u00eam vindo a assumir responsabilidades acrescidas em \u00e1reas como a educa\u00e7\u00e3o, a cultura e a sa\u00fade.<\/strong> <\/p>\n<p>Esta posi\u00e7\u00e3o surge na linha das que foram assumidas pela presidente-cessante da ANMP, Lu\u00edsa Salgueiro.<\/p>\n","protected":false},"excerpt":{"rendered":"Os autarcas de Cascais e de Coimbra, Nuno Piteira Lopes (PSD) e Ana Abrunhosa (PS), respetivamente, v\u00e3o passar&hellip;\n","protected":false},"author":2,"featured_media":187306,"comment_status":"","ping_status":"","sticky":false,"template":"","format":"standard","meta":{"footnotes":""},"categories":[10],"tags":[35238,37963,27,28,15,16,14,25,26,21,22,2034,12,13,19,20,52,32,23,24,33,17,18,29,30,31],"class_list":{"0":"post-187305","1":"post","2":"type-post","3":"status-publish","4":"format-standard","5":"has-post-thumbnail","7":"category-portugal","8":"tag-anmp","9":"tag-anmp-associacao-nacional-de-municipios-portugueses","10":"tag-breaking-news","11":"tag-breakingnews","12":"tag-featured-news","13":"tag-featurednews","14":"tag-headlines","15":"tag-latest-news","16":"tag-latestnews","17":"tag-main-news","18":"tag-mainnews","19":"tag-municipios","20":"tag-news","21":"tag-noticias","22":"tag-noticias-principais","23":"tag-noticiasprincipais","24":"tag-politica","25":"tag-portugal","26":"tag-principais-noticias","27":"tag-principaisnoticias","28":"tag-pt","29":"tag-top-stories","30":"tag-topstories","31":"tag-ultimas","32":"tag-ultimas-noticias","33":"tag-ultimasnoticias"},"share_on_mastodon":{"url":"https:\/\/pubeurope.com\/@pt\/115715368825583159","error":""},"_links":{"self":[{"href":"https:\/\/www.europesays.com\/pt\/wp-json\/wp\/v2\/posts\/187305","targetHints":{"allow":["GET"]}}],"collection":[{"href":"https:\/\/www.europesays.com\/pt\/wp-json\/wp\/v2\/posts"}],"about":[{"href":"https:\/\/www.europesays.com\/pt\/wp-json\/wp\/v2\/types\/post"}],"author":[{"embeddable":true,"href":"https:\/\/www.europesays.com\/pt\/wp-json\/wp\/v2\/users\/2"}],"replies":[{"embeddable":true,"href":"https:\/\/www.europesays.com\/pt\/wp-json\/wp\/v2\/comments?post=187305"}],"version-history":[{"count":0,"href":"https:\/\/www.europesays.com\/pt\/wp-json\/wp\/v2\/posts\/187305\/revisions"}],"wp:featuredmedia":[{"embeddable":true,"href":"https:\/\/www.europesays.com\/pt\/wp-json\/wp\/v2\/media\/187306"}],"wp:attachment":[{"href":"https:\/\/www.europesays.com\/pt\/wp-json\/wp\/v2\/media?parent=187305"}],"wp:term":[{"taxonomy":"category","embeddable":true,"href":"https:\/\/www.europesays.com\/pt\/wp-json\/wp\/v2\/categories?post=187305"},{"taxonomy":"post_tag","embeddable":true,"href":"https:\/\/www.europesays.com\/pt\/wp-json\/wp\/v2\/tags?post=187305"}],"curies":[{"name":"wp","href":"https:\/\/api.w.org\/{rel}","templated":true}]}}