{"id":187307,"date":"2025-12-14T01:39:13","date_gmt":"2025-12-14T01:39:13","guid":{"rendered":"https:\/\/www.europesays.com\/pt\/187307\/"},"modified":"2025-12-14T01:39:13","modified_gmt":"2025-12-14T01:39:13","slug":"fc-porto-assinala-fim-de-carreira-de-john-cena-com-foto-de-deniz-gul-fim-de-uma-era","status":"publish","type":"post","link":"https:\/\/www.europesays.com\/pt\/187307\/","title":{"rendered":"FC Porto assinala fim de carreira de John Cena com foto de Deniz Gul: \u00abFim de uma era\u00bb"},"content":{"rendered":"<p>&#8211; Advertisement &#8211;<\/p>\n<p>Para os f\u00e3s de WWE, este s\u00e1bado \u00e9 um dia especial. <a href=\"https:\/\/bolanarede.pt\/etiqueta\/john-cena\/\" target=\"_blank\" rel=\"noreferrer noopener nofollow\">John Cena<\/a>, m\u00edtico lutador, termina a carreira e o marco hist\u00f3rico passou para o universo do futebol, com o FC Porto a assinalar um dia.<\/p>\n<p>Acompanhado de uma fotografia de Deniz Gul, com a m\u00e3o sobre a cara, os drag\u00f5es assinalam a carreira hist\u00f3rica do lutador. \u00abFim de uma era. A \u00faltima vez \u00e9 agora\u00bb, escreveram os drag\u00f5es, numa mensagem cuja identifica\u00e7\u00e3o de John Cena n\u00e3o deixa espa\u00e7o para outras interpreta\u00e7\u00f5es.<\/p>\n<p>A last dance de John Cena ser\u00e1 este s\u00e1bado, 13 de dezembro. GUNTHER \u00e9 o derradeiro advers\u00e1rio do nome que marcou as \u00faltimas d\u00e9cadas no mundo da WWE. <\/p>\n","protected":false},"excerpt":{"rendered":"&#8211; Advertisement &#8211; Para os f\u00e3s de WWE, este s\u00e1bado \u00e9 um dia especial. John Cena, m\u00edtico lutador,&hellip;\n","protected":false},"author":2,"featured_media":187308,"comment_status":"","ping_status":"","sticky":false,"template":"","format":"standard","meta":{"footnotes":""},"categories":[8],"tags":[260,27,28,19732,282,15,16,14,12977,25,26,21,22,12,13,19,20,32,23,24,33,17,18,29,30,31,244],"class_list":{"0":"post-187307","1":"post","2":"type-post","3":"status-publish","4":"format-standard","5":"has-post-thumbnail","7":"category-principais-noticias","8":"tag-atualidade","9":"tag-breaking-news","10":"tag-breakingnews","11":"tag-deniz-gul","12":"tag-fc-porto","13":"tag-featured-news","14":"tag-featurednews","15":"tag-headlines","16":"tag-john-cena","17":"tag-latest-news","18":"tag-latestnews","19":"tag-main-news","20":"tag-mainnews","21":"tag-news","22":"tag-noticias","23":"tag-noticias-principais","24":"tag-noticiasprincipais","25":"tag-portugal","26":"tag-principais-noticias","27":"tag-principaisnoticias","28":"tag-pt","29":"tag-top-stories","30":"tag-topstories","31":"tag-ultimas","32":"tag-ultimas-noticias","33":"tag-ultimasnoticias","34":"tag-wwe"},"share_on_mastodon":{"url":"https:\/\/pubeurope.com\/@pt\/115715373240689243","error":""},"_links":{"self":[{"href":"https:\/\/www.europesays.com\/pt\/wp-json\/wp\/v2\/posts\/187307","targetHints":{"allow":["GET"]}}],"collection":[{"href":"https:\/\/www.europesays.com\/pt\/wp-json\/wp\/v2\/posts"}],"about":[{"href":"https:\/\/www.europesays.com\/pt\/wp-json\/wp\/v2\/types\/post"}],"author":[{"embeddable":true,"href":"https:\/\/www.europesays.com\/pt\/wp-json\/wp\/v2\/users\/2"}],"replies":[{"embeddable":true,"href":"https:\/\/www.europesays.com\/pt\/wp-json\/wp\/v2\/comments?post=187307"}],"version-history":[{"count":0,"href":"https:\/\/www.europesays.com\/pt\/wp-json\/wp\/v2\/posts\/187307\/revisions"}],"wp:featuredmedia":[{"embeddable":true,"href":"https:\/\/www.europesays.com\/pt\/wp-json\/wp\/v2\/media\/187308"}],"wp:attachment":[{"href":"https:\/\/www.europesays.com\/pt\/wp-json\/wp\/v2\/media?parent=187307"}],"wp:term":[{"taxonomy":"category","embeddable":true,"href":"https:\/\/www.europesays.com\/pt\/wp-json\/wp\/v2\/categories?post=187307"},{"taxonomy":"post_tag","embeddable":true,"href":"https:\/\/www.europesays.com\/pt\/wp-json\/wp\/v2\/tags?post=187307"}],"curies":[{"name":"wp","href":"https:\/\/api.w.org\/{rel}","templated":true}]}}