{"id":187310,"date":"2025-12-14T01:43:20","date_gmt":"2025-12-14T01:43:20","guid":{"rendered":"https:\/\/www.europesays.com\/pt\/187310\/"},"modified":"2025-12-14T01:43:20","modified_gmt":"2025-12-14T01:43:20","slug":"ex-concorrente-do-big-brother-a-policia-disparou-contra-nos","status":"publish","type":"post","link":"https:\/\/www.europesays.com\/pt\/187310\/","title":{"rendered":"Ex-concorrente do &#8220;Big Brother&#8221;: &#8220;A pol\u00edcia disparou contra n\u00f3s&#8221;"},"content":{"rendered":"<p><a href=\"https:\/\/selfie.iol.pt\/famosos\/big-brother\/em-encontros-bons-jacques-costa-surge-cumplice-de-companhia-unica\/20240417\/661fe51fd34ebf9bbb3c86be\" target=\"_blank\" rel=\"nofollow noopener\">Jacques Costa<\/a> participou numa manifesta\u00e7\u00e3o e, no Instagram, a ex-concorrente do &#8220;<a href=\"https:\/\/tvi.iol.pt\/bigbrother\/\" target=\"_blank\" rel=\"nofollow noopener\">Big Brother<\/a> 2024&#8243; deixou uma alega\u00e7\u00e3o sobre a for\u00e7a policial.<\/p>\n<p>&#8220;Nojo. A pol\u00edcia disparou balas de borracha contra n\u00f3s, incluindo manifestantes que apenas tinham cartazes&#8221;, come\u00e7ou por escrever, acrescentando: &#8220;Magoaram-me na m\u00e3o e vi uma pessoa a sangrar da cabe\u00e7a e um amigo meu levou no peito e ficou todo negro.&#8221;<\/p>\n<p>&#8220;Acertaram na cara e no peito das pessoas, como era o meu caso, mostrando a ilegalidade e viol\u00eancia da a\u00e7\u00e3o&#8221;, completou.<\/p>\n<p>Veja, agora, algumas das melhores imagens de Jacques Costa na galeria de fotografias que prepar\u00e1mos para si.<\/p>\n<p><img decoding=\"async\" alt=\"\" onclick=\"\" src=\"https:\/\/www.europesays.com\/pt\/wp-content\/uploads\/2025\/12\/1765676600_890_1024.jpeg\" title=\"Jacques Costa\"\/><\/p>\n","protected":false},"excerpt":{"rendered":"Jacques Costa participou numa manifesta\u00e7\u00e3o e, no Instagram, a ex-concorrente do &#8220;Big Brother 2024&#8243; deixou uma alega\u00e7\u00e3o sobre&hellip;\n","protected":false},"author":2,"featured_media":187311,"comment_status":"","ping_status":"","sticky":false,"template":"","format":"standard","meta":{"footnotes":""},"categories":[142],"tags":[48,114,115,980,1015,37964,619,32,33,1014,1012,151,162],"class_list":{"0":"post-187310","1":"post","2":"type-post","3":"status-publish","4":"format-standard","5":"has-post-thumbnail","7":"category-tv","8":"tag-big-brother","9":"tag-entertainment","10":"tag-entretenimento","11":"tag-famosos","12":"tag-instagram","13":"tag-jacques-costa","14":"tag-nacional","15":"tag-portugal","16":"tag-pt","17":"tag-reality-show","18":"tag-selfie","19":"tag-tv","20":"tag-tvi"},"share_on_mastodon":{"url":"https:\/\/pubeurope.com\/@pt\/115715388841081894","error":""},"_links":{"self":[{"href":"https:\/\/www.europesays.com\/pt\/wp-json\/wp\/v2\/posts\/187310","targetHints":{"allow":["GET"]}}],"collection":[{"href":"https:\/\/www.europesays.com\/pt\/wp-json\/wp\/v2\/posts"}],"about":[{"href":"https:\/\/www.europesays.com\/pt\/wp-json\/wp\/v2\/types\/post"}],"author":[{"embeddable":true,"href":"https:\/\/www.europesays.com\/pt\/wp-json\/wp\/v2\/users\/2"}],"replies":[{"embeddable":true,"href":"https:\/\/www.europesays.com\/pt\/wp-json\/wp\/v2\/comments?post=187310"}],"version-history":[{"count":0,"href":"https:\/\/www.europesays.com\/pt\/wp-json\/wp\/v2\/posts\/187310\/revisions"}],"wp:featuredmedia":[{"embeddable":true,"href":"https:\/\/www.europesays.com\/pt\/wp-json\/wp\/v2\/media\/187311"}],"wp:attachment":[{"href":"https:\/\/www.europesays.com\/pt\/wp-json\/wp\/v2\/media?parent=187310"}],"wp:term":[{"taxonomy":"category","embeddable":true,"href":"https:\/\/www.europesays.com\/pt\/wp-json\/wp\/v2\/categories?post=187310"},{"taxonomy":"post_tag","embeddable":true,"href":"https:\/\/www.europesays.com\/pt\/wp-json\/wp\/v2\/tags?post=187310"}],"curies":[{"name":"wp","href":"https:\/\/api.w.org\/{rel}","templated":true}]}}