{"id":187312,"date":"2025-12-14T01:45:07","date_gmt":"2025-12-14T01:45:07","guid":{"rendered":"https:\/\/www.europesays.com\/pt\/187312\/"},"modified":"2025-12-14T01:45:07","modified_gmt":"2025-12-14T01:45:07","slug":"dave-bautista-pode-ser-o-favorito-para-ser-brainiac-em-homem-do-amanha-diz-rumor","status":"publish","type":"post","link":"https:\/\/www.europesays.com\/pt\/187312\/","title":{"rendered":"Dave Bautista pode ser o favorito para ser Brainiac em Homem do Amanh\u00e3, diz rumor"},"content":{"rendered":"<p class=\"wp-block-yoast-seo-estimated-reading-time yoast-reading-time__wrapper\">Estimated reading time: 2 minutos<\/p>\n<p><strong>James Gunn<\/strong>\u00a0est\u00e1 prestes a definir o ator de\u00a0<strong>Brainiac\u00a0<\/strong>em\u00a0<a href=\"https:\/\/ovicio.com.br\/tag\/homem-do-amanha\/\" rel=\"nofollow noopener\" target=\"_blank\">Homem do Amanh\u00e3 (2027)<\/a> e, ap\u00f3s uma s\u00e9rie de testes, parece inclinado a contratar um amigo.<\/p>\n<p>Segundo o jornalista <strong>Jeff Sneider<\/strong>, h\u00e1 um rumor forte nos bastidores de que <strong>Dave Bautista <\/strong>se tornou o favorito para ficar com o papel.<\/p>\n<p>O muito confi\u00e1vel insider <strong>Apocalyptic Horseman<\/strong> disse n\u00e3o ter ouvido o nome de <strong>Bautista<\/strong>, mas relatou ter descoberto que a<strong> DC Studios <\/strong>j\u00e1 reduziu a lista de favoritos para dois atores. N\u00e3o est\u00e1 descartado que  o astro de <strong>Guardi\u00f5es da Gal\u00e1xia (2014)<\/strong> seja um deles.<\/p>\n<p><strong>Homem do Amanh\u00e3<\/strong>, vale ressaltar, chegar\u00e1 aos cinemas em\u00a0<strong>8 de julho de 2027<\/strong>. Assim como\u00a0<strong>Superman (2025)<\/strong>, o longa \u00e9 escrito e dirigido por<strong>\u00a0James Gunn<\/strong>.<\/p>\n<p>Leia mais sobre Homem do Amanh\u00e3:<\/p>\n<p><strong>Fonte:<\/strong> <a href=\"https:\/\/www.theinsneider.com\/p\/scarlett-johnasson-batman-part-2-role-revealed-hot-rumor-harvey-dent\" target=\"_blank\" rel=\"noreferrer noopener nofollow\">The InSneider<\/a><\/p>\n","protected":false},"excerpt":{"rendered":"Estimated reading time: 2 minutos James Gunn\u00a0est\u00e1 prestes a definir o ator de\u00a0Brainiac\u00a0em\u00a0Homem do Amanh\u00e3 (2027) e, ap\u00f3s&hellip;\n","protected":false},"author":2,"featured_media":187313,"comment_status":"","ping_status":"","sticky":false,"template":"","format":"standard","meta":{"footnotes":""},"categories":[140],"tags":[37800,12236,7319,1661,114,115,147,148,37801,37802,1626,1583,16366,12239,7320,12977,37803,12242,146,5709,12243,12981,12985,13245,32,33,37804,37805,37806,1248,37747,37807,16809,37695],"class_list":{"0":"post-187312","1":"post","2":"type-post","3":"status-publish","4":"format-standard","5":"has-post-thumbnail","7":"category-filmes","8":"tag-brainiac","9":"tag-david-corenswet","10":"tag-dc-studios","11":"tag-destaque","12":"tag-entertainment","13":"tag-entretenimento","14":"tag-film","15":"tag-filmes","16":"tag-gangue-da-justica","17":"tag-gladiador-dourado","18":"tag-hbo","19":"tag-hbo-max","20":"tag-homem-do-amanha","21":"tag-isabela-merced","22":"tag-james-gunn","23":"tag-john-cena","24":"tag-krypto","25":"tag-milly-alcock","26":"tag-movies","27":"tag-mulher-maravilha","28":"tag-nathan-fillion","29":"tag-pacificador","30":"tag-peter-safran","31":"tag-pierce-brosnan","32":"tag-portugal","33":"tag-pt","34":"tag-sasha-bordeaux","35":"tag-sol-rodriguez","36":"tag-sr-incrivel","37":"tag-superman","38":"tag-superman-filme","39":"tag-superman-legacy","40":"tag-warner-bros-discovery","41":"tag-warner-bros-pictures"},"share_on_mastodon":{"url":"","error":""},"_links":{"self":[{"href":"https:\/\/www.europesays.com\/pt\/wp-json\/wp\/v2\/posts\/187312","targetHints":{"allow":["GET"]}}],"collection":[{"href":"https:\/\/www.europesays.com\/pt\/wp-json\/wp\/v2\/posts"}],"about":[{"href":"https:\/\/www.europesays.com\/pt\/wp-json\/wp\/v2\/types\/post"}],"author":[{"embeddable":true,"href":"https:\/\/www.europesays.com\/pt\/wp-json\/wp\/v2\/users\/2"}],"replies":[{"embeddable":true,"href":"https:\/\/www.europesays.com\/pt\/wp-json\/wp\/v2\/comments?post=187312"}],"version-history":[{"count":0,"href":"https:\/\/www.europesays.com\/pt\/wp-json\/wp\/v2\/posts\/187312\/revisions"}],"wp:featuredmedia":[{"embeddable":true,"href":"https:\/\/www.europesays.com\/pt\/wp-json\/wp\/v2\/media\/187313"}],"wp:attachment":[{"href":"https:\/\/www.europesays.com\/pt\/wp-json\/wp\/v2\/media?parent=187312"}],"wp:term":[{"taxonomy":"category","embeddable":true,"href":"https:\/\/www.europesays.com\/pt\/wp-json\/wp\/v2\/categories?post=187312"},{"taxonomy":"post_tag","embeddable":true,"href":"https:\/\/www.europesays.com\/pt\/wp-json\/wp\/v2\/tags?post=187312"}],"curies":[{"name":"wp","href":"https:\/\/api.w.org\/{rel}","templated":true}]}}