{"id":187314,"date":"2025-12-14T01:46:09","date_gmt":"2025-12-14T01:46:09","guid":{"rendered":"https:\/\/www.europesays.com\/pt\/187314\/"},"modified":"2025-12-14T01:46:09","modified_gmt":"2025-12-14T01:46:09","slug":"video-goncalo-ramos-marca-no-dificil-triunfo-do-psg-na-casa-do-ultimo","status":"publish","type":"post","link":"https:\/\/www.europesays.com\/pt\/187314\/","title":{"rendered":"V\u00cdDEO: Gon\u00e7alo Ramos marca no dif\u00edcil triunfo do PSG na casa do \u00faltimo"},"content":{"rendered":"<p style=\"margin-bottom:11px\">Nas v\u00e9speras de defrontar o Flamengo, no Qatar, para a final da Ta\u00e7a Intercontinental, o PSG \u201cpicou o ponto\u201d na Liga francesa ao <a href=\"https:\/\/maisfutebol.iol.pt\/jogo\/metz\/psg\/13826374\" target=\"_blank\" rel=\"nofollow noopener\">derrotar o Metz por 3-2<\/a>, resultado que foi aberto pelo internacional luso Gon\u00e7alo Ramos.<\/p>\n<p>O avan\u00e7ado foi um dos dois portugueses no onze inicial dos parisienses, a par de Vitinha, e disp\u00f4s de um conjunto de boas oportunidades, al\u00e9m do golo que apontou aos 31 minutos, para deixar uma marca mais forte no jogo.<\/p>\n<blockquote class=\"twitter-tweet\" data-media-max-width=\"560\">\n<p lang=\"pt\">Gon\u00e7alo Ramos de cabe\u00e7a a inaugurar o marcador \ud83d\udd2b<a href=\"https:\/\/twitter.com\/hashtag\/sporttvportugal?src=hash&amp;ref_src=twsrc%5Etfw\" rel=\"nofollow noopener\" target=\"_blank\">#sporttvportugal<\/a> <a href=\"https:\/\/twitter.com\/hashtag\/LIGUE1naSPORTTV?src=hash&amp;ref_src=twsrc%5Etfw\" rel=\"nofollow noopener\" target=\"_blank\">#LIGUE1naSPORTTV<\/a> <a href=\"https:\/\/twitter.com\/hashtag\/Ligue1?src=hash&amp;ref_src=twsrc%5Etfw\" rel=\"nofollow noopener\" target=\"_blank\">#Ligue1<\/a> <a href=\"https:\/\/twitter.com\/hashtag\/Metz?src=hash&amp;ref_src=twsrc%5Etfw\" rel=\"nofollow noopener\" target=\"_blank\">#Metz<\/a> <a href=\"https:\/\/twitter.com\/hashtag\/PSG?src=hash&amp;ref_src=twsrc%5Etfw\" rel=\"nofollow noopener\" target=\"_blank\">#PSG<\/a> <a href=\"https:\/\/t.co\/n4ebM7rVeR\" rel=\"nofollow\">pic.twitter.com\/n4ebM7rVeR<\/a><\/p>\n<p> \u2014 sport tv (@sporttvportugal)<br \/>\n  <a href=\"https:\/\/twitter.com\/sporttvportugal\/status\/1999924155940999558?ref_src=twsrc%5Etfw\" rel=\"nofollow noopener\" target=\"_blank\">December 13, 2025<\/a>\n <\/p><\/blockquote>\n<p>Aos 38 minutos, o internacional sub-20 franc\u00eas, Quentin Ndjantou, estreou-se a marcar pela equipa principal do PSG e tudo parecia encaminhar-se para uma noite tranquila do campe\u00e3o franc\u00eas na casa do\u00a0\u201clanterna vermelha\u201d.<\/p>\n<blockquote class=\"twitter-tweet\" data-media-max-width=\"560\">\n<p lang=\"pt\">Mbaye serviu Ndjantou desta forma \u2728<a href=\"https:\/\/twitter.com\/hashtag\/sporttvportugal?src=hash&amp;ref_src=twsrc%5Etfw\" rel=\"nofollow noopener\" target=\"_blank\">#sporttvportugal<\/a> <a href=\"https:\/\/twitter.com\/hashtag\/LIGUE1naSPORTTV?src=hash&amp;ref_src=twsrc%5Etfw\" rel=\"nofollow noopener\" target=\"_blank\">#LIGUE1naSPORTTV<\/a> <a href=\"https:\/\/twitter.com\/hashtag\/Ligue1?src=hash&amp;ref_src=twsrc%5Etfw\" rel=\"nofollow noopener\" target=\"_blank\">#Ligue1<\/a> <a href=\"https:\/\/twitter.com\/hashtag\/Metz?src=hash&amp;ref_src=twsrc%5Etfw\" rel=\"nofollow noopener\" target=\"_blank\">#Metz<\/a> <a href=\"https:\/\/twitter.com\/hashtag\/PSG?src=hash&amp;ref_src=twsrc%5Etfw\" rel=\"nofollow noopener\" target=\"_blank\">#PSG<\/a> <a href=\"https:\/\/t.co\/bDzlca0K3m\" rel=\"nofollow\">pic.twitter.com\/bDzlca0K3m<\/a><\/p>\n<p> \u2014 sport tv (@sporttvportugal)<br \/>\n  <a href=\"https:\/\/twitter.com\/sporttvportugal\/status\/1999925566057685045?ref_src=twsrc%5Etfw\" rel=\"nofollow noopener\" target=\"_blank\">December 13, 2025<\/a>\n <\/p><\/blockquote>\n<p>S\u00f3 que, ainda antes do intervalo, Dominguet relan\u00e7ou o Metz no jogo com um bom golo, ainda que num lance muito facilitado pela defesa parisiense, sobretudo por Fabi\u00e1n Ruiz, que j\u00e1 n\u00e3o veio para a segunda parte, sendo substitu\u00eddo por Dou\u00e9.<\/p>\n<p>O internacional franc\u00eas acabaria mesmo por fazer o 3-1 aos 63 minutos, depois de o Metz ter amea\u00e7ado o empate num par de situa\u00e7\u00f5es, desperdi\u00e7adas por Diallo (falhou o remate na cara de Safanov aos 58 minutos) e Kouao (obrigou o guarda-redes advers\u00e1rio a uma defesa apertada aos 62 minutos).<\/p>\n<blockquote class=\"twitter-tweet\" data-media-max-width=\"560\">\n<p lang=\"fr\">Frieza total de D\u00e9sire Dou\u00e9 \ud83e\uddca<a href=\"https:\/\/twitter.com\/hashtag\/sporttvportugal?src=hash&amp;ref_src=twsrc%5Etfw\" rel=\"nofollow noopener\" target=\"_blank\">#sporttvportugal<\/a> <a href=\"https:\/\/twitter.com\/hashtag\/LIGUE1naSPORTTV?src=hash&amp;ref_src=twsrc%5Etfw\" rel=\"nofollow noopener\" target=\"_blank\">#LIGUE1naSPORTTV<\/a> <a href=\"https:\/\/twitter.com\/hashtag\/Ligue1?src=hash&amp;ref_src=twsrc%5Etfw\" rel=\"nofollow noopener\" target=\"_blank\">#Ligue1<\/a> <a href=\"https:\/\/twitter.com\/hashtag\/Metz?src=hash&amp;ref_src=twsrc%5Etfw\" rel=\"nofollow noopener\" target=\"_blank\">#Metz<\/a> <a href=\"https:\/\/twitter.com\/hashtag\/PSG?src=hash&amp;ref_src=twsrc%5Etfw\" rel=\"nofollow noopener\" target=\"_blank\">#PSG<\/a> <a href=\"https:\/\/t.co\/Hjji7hoaQc\" rel=\"nofollow\">pic.twitter.com\/Hjji7hoaQc<\/a><\/p>\n<p> \u2014 sport tv (@sporttvportugal)<br \/>\n  <a href=\"https:\/\/twitter.com\/sporttvportugal\/status\/1999927485669024248?ref_src=twsrc%5Etfw\" rel=\"nofollow noopener\" target=\"_blank\">December 13, 2025<\/a>\n <\/p><\/blockquote>\n<p>O PSG chegou at\u00e9 a amea\u00e7ar a goleada. Aos 71 minutos, Mbaye come\u00e7ou por acertar na barra e, na recarga, Dou\u00e9 viu o guardi\u00e3o do Metz negar-lhe o bis com uma parada vistosa.<\/p>\n<p>No entanto, tal como tinha acontecido no primeiro tempo, os Grenats reentraram\u00a0na discuss\u00e3o do resultado com um grande golo de Tsitaishvili.<\/p>\n<blockquote class=\"twitter-tweet\" data-media-max-width=\"560\">\n<p lang=\"ca\">Giorgi Tsitaishvili com um gola\u00e7o \ud83d\ude31<a href=\"https:\/\/twitter.com\/hashtag\/sporttvportugal?src=hash&amp;ref_src=twsrc%5Etfw\" rel=\"nofollow noopener\" target=\"_blank\">#sporttvportugal<\/a> <a href=\"https:\/\/twitter.com\/hashtag\/LIGUE1naSPORTTV?src=hash&amp;ref_src=twsrc%5Etfw\" rel=\"nofollow noopener\" target=\"_blank\">#LIGUE1naSPORTTV<\/a> <a href=\"https:\/\/twitter.com\/hashtag\/Ligue1?src=hash&amp;ref_src=twsrc%5Etfw\" rel=\"nofollow noopener\" target=\"_blank\">#Ligue1<\/a> <a href=\"https:\/\/twitter.com\/hashtag\/Metz?src=hash&amp;ref_src=twsrc%5Etfw\" rel=\"nofollow noopener\" target=\"_blank\">#Metz<\/a> <a href=\"https:\/\/twitter.com\/hashtag\/PSG?src=hash&amp;ref_src=twsrc%5Etfw\" rel=\"nofollow noopener\" target=\"_blank\">#PSG<\/a> <a href=\"https:\/\/t.co\/pF8JxZZF09\" rel=\"nofollow\">pic.twitter.com\/pF8JxZZF09<\/a><\/p>\n<p> \u2014 sport tv (@sporttvportugal)<br \/>\n  <a href=\"https:\/\/twitter.com\/sporttvportugal\/status\/1999929604664889556?ref_src=twsrc%5Etfw\" rel=\"nofollow noopener\" target=\"_blank\">December 13, 2025<\/a>\n <\/p><\/blockquote>\n<p>O 3-2 surgiu aos 81 minutos e obrigou o PSG a resguardar-se para segurar o triunfo, que lhe permite <a href=\"https:\/\/maisfutebol.iol.pt\/resultadoseclassificacoes\/88\/franca\/ligue-1\" target=\"_blank\" rel=\"nofollow noopener\">subir, \u00e0 condi\u00e7\u00e3o, \u00e0 lideran\u00e7a da tabela, com 36 pontos<\/a>, ficando \u00e0 espera do que far\u00e1 o Lens frente ao Nice, no domingo. Quanto ao Metz mant\u00e9m-se no \u00faltimo lugar, com 11 pontos.<\/p>\n<p>Tamb\u00e9m neste s\u00e1bado, o Toulouse derrotou o Paris FC por 3-0, com\u00a0Yann Gboho a bisar, e o Rennes deu a volta ao Brest para vencer por 3-1.<\/p>\n<blockquote class=\"twitter-tweet\" data-media-max-width=\"560\">\n<p lang=\"pt\">Tudo bem felto pelos atletas do Brest \ud83e\udd24<a href=\"https:\/\/twitter.com\/hashtag\/sporttvportugal?src=hash&amp;ref_src=twsrc%5Etfw\" rel=\"nofollow noopener\" target=\"_blank\">#sporttvportugal<\/a> <a href=\"https:\/\/twitter.com\/hashtag\/LIGUE1naSPORTTV?src=hash&amp;ref_src=twsrc%5Etfw\" rel=\"nofollow noopener\" target=\"_blank\">#LIGUE1naSPORTTV<\/a> <a href=\"https:\/\/twitter.com\/hashtag\/Ligue1?src=hash&amp;ref_src=twsrc%5Etfw\" rel=\"nofollow noopener\" target=\"_blank\">#Ligue1<\/a> <a href=\"https:\/\/twitter.com\/hashtag\/rennes?src=hash&amp;ref_src=twsrc%5Etfw\" rel=\"nofollow noopener\" target=\"_blank\">#rennes<\/a> <a href=\"https:\/\/twitter.com\/hashtag\/brest?src=hash&amp;ref_src=twsrc%5Etfw\" rel=\"nofollow noopener\" target=\"_blank\">#brest<\/a> <a href=\"https:\/\/twitter.com\/hashtag\/bacanaplay?src=hash&amp;ref_src=twsrc%5Etfw\" rel=\"nofollow noopener\" target=\"_blank\">#bacanaplay<\/a> <a href=\"https:\/\/t.co\/cNTxcM4xdL\" rel=\"nofollow\">pic.twitter.com\/cNTxcM4xdL<\/a><\/p>\n<p> \u2014 sport tv (@sporttvportugal)<br \/>\n  <a href=\"https:\/\/twitter.com\/sporttvportugal\/status\/1999898369854947799?ref_src=twsrc%5Etfw\" rel=\"nofollow noopener\" target=\"_blank\">December 13, 2025<\/a>\n <\/p><\/blockquote>\n<blockquote class=\"twitter-tweet\" data-media-max-width=\"560\">\n<p lang=\"pt\">Kenny Lala facilitou onde n\u00e3o podia ter facilitado \ud83e\udd13<a href=\"https:\/\/twitter.com\/hashtag\/sporttvportugal?src=hash&amp;ref_src=twsrc%5Etfw\" rel=\"nofollow noopener\" target=\"_blank\">#sporttvportugal<\/a> <a href=\"https:\/\/twitter.com\/hashtag\/LIGUE1naSPORTTV?src=hash&amp;ref_src=twsrc%5Etfw\" rel=\"nofollow noopener\" target=\"_blank\">#LIGUE1naSPORTTV<\/a> <a href=\"https:\/\/twitter.com\/hashtag\/Ligue1?src=hash&amp;ref_src=twsrc%5Etfw\" rel=\"nofollow noopener\" target=\"_blank\">#Ligue1<\/a> <a href=\"https:\/\/twitter.com\/hashtag\/rennes?src=hash&amp;ref_src=twsrc%5Etfw\" rel=\"nofollow noopener\" target=\"_blank\">#rennes<\/a> <a href=\"https:\/\/twitter.com\/hashtag\/brest?src=hash&amp;ref_src=twsrc%5Etfw\" rel=\"nofollow noopener\" target=\"_blank\">#brest<\/a> <a href=\"https:\/\/twitter.com\/hashtag\/bacanaplay?src=hash&amp;ref_src=twsrc%5Etfw\" rel=\"nofollow noopener\" target=\"_blank\">#bacanaplay<\/a> <a href=\"https:\/\/t.co\/SW4UThMfQQ\" rel=\"nofollow\">pic.twitter.com\/SW4UThMfQQ<\/a><\/p>\n<p> \u2014 sport tv (@sporttvportugal)<br \/>\n  <a href=\"https:\/\/twitter.com\/sporttvportugal\/status\/1999899178390913128?ref_src=twsrc%5Etfw\" rel=\"nofollow noopener\" target=\"_blank\">December 13, 2025<\/a>\n <\/p><\/blockquote>\n<blockquote class=\"twitter-tweet\" data-media-max-width=\"560\">\n<p lang=\"pt\">A defesa do Brest aos pap\u00e9is \ud83e\udd15<a href=\"https:\/\/twitter.com\/hashtag\/sporttvportugal?src=hash&amp;ref_src=twsrc%5Etfw\" rel=\"nofollow noopener\" target=\"_blank\">#sporttvportugal<\/a> <a href=\"https:\/\/twitter.com\/hashtag\/LIGUE1naSPORTTV?src=hash&amp;ref_src=twsrc%5Etfw\" rel=\"nofollow noopener\" target=\"_blank\">#LIGUE1naSPORTTV<\/a> <a href=\"https:\/\/twitter.com\/hashtag\/Ligue1?src=hash&amp;ref_src=twsrc%5Etfw\" rel=\"nofollow noopener\" target=\"_blank\">#Ligue1<\/a> <a href=\"https:\/\/twitter.com\/hashtag\/rennes?src=hash&amp;ref_src=twsrc%5Etfw\" rel=\"nofollow noopener\" target=\"_blank\">#rennes<\/a> <a href=\"https:\/\/twitter.com\/hashtag\/brest?src=hash&amp;ref_src=twsrc%5Etfw\" rel=\"nofollow noopener\" target=\"_blank\">#brest<\/a> <a href=\"https:\/\/twitter.com\/hashtag\/bacanaplay?src=hash&amp;ref_src=twsrc%5Etfw\" rel=\"nofollow noopener\" target=\"_blank\">#bacanaplay<\/a> <a href=\"https:\/\/t.co\/eGHE8JTH2C\" rel=\"nofollow\">pic.twitter.com\/eGHE8JTH2C<\/a><\/p>\n<p> \u2014 sport tv (@sporttvportugal)<br \/>\n  <a href=\"https:\/\/twitter.com\/sporttvportugal\/status\/1999899562568192007?ref_src=twsrc%5Etfw\" rel=\"nofollow noopener\" target=\"_blank\">December 13, 2025<\/a>\n <\/p><\/blockquote>\n<p>                                <script async src=\"https:\/\/platform.twitter.com\/widgets.js\" charset=\"utf-8\"><\/script><\/p>\n","protected":false},"excerpt":{"rendered":"Nas v\u00e9speras de defrontar o Flamengo, no Qatar, para a final da Ta\u00e7a Intercontinental, o PSG \u201cpicou o&hellip;\n","protected":false},"author":2,"featured_media":187315,"comment_status":"","ping_status":"","sticky":false,"template":"","format":"standard","meta":{"footnotes":""},"categories":[87],"tags":[5741,135,208,7266,82,5433,9205,1767,436,1356,46,35591,32,1758,33,47,12066,4219,527,5434,5920,134,7331],"class_list":{"0":"post-187314","1":"post","2":"type-post","3":"status-publish","4":"format-standard","5":"has-post-thumbnail","7":"category-desporto","8":"tag-brest","9":"tag-desporto","10":"tag-franca","11":"tag-goncalo-ramos","12":"tag-internacional","13":"tag-jogos-hoje","14":"tag-liga-francesa","15":"tag-ligue-1","16":"tag-made-in","17":"tag-mais-futebol","18":"tag-maisfutebol","19":"tag-metz","20":"tag-portugal","21":"tag-psg","22":"tag-pt","23":"tag-pura-paixao","24":"tag-rennes","25":"tag-resultado-final","26":"tag-resultados","27":"tag-resultados-hoje","28":"tag-resultados-maisfutebol","29":"tag-sports","30":"tag-vitinha"},"share_on_mastodon":{"url":"https:\/\/pubeurope.com\/@pt\/115715400287104921","error":""},"_links":{"self":[{"href":"https:\/\/www.europesays.com\/pt\/wp-json\/wp\/v2\/posts\/187314","targetHints":{"allow":["GET"]}}],"collection":[{"href":"https:\/\/www.europesays.com\/pt\/wp-json\/wp\/v2\/posts"}],"about":[{"href":"https:\/\/www.europesays.com\/pt\/wp-json\/wp\/v2\/types\/post"}],"author":[{"embeddable":true,"href":"https:\/\/www.europesays.com\/pt\/wp-json\/wp\/v2\/users\/2"}],"replies":[{"embeddable":true,"href":"https:\/\/www.europesays.com\/pt\/wp-json\/wp\/v2\/comments?post=187314"}],"version-history":[{"count":0,"href":"https:\/\/www.europesays.com\/pt\/wp-json\/wp\/v2\/posts\/187314\/revisions"}],"wp:featuredmedia":[{"embeddable":true,"href":"https:\/\/www.europesays.com\/pt\/wp-json\/wp\/v2\/media\/187315"}],"wp:attachment":[{"href":"https:\/\/www.europesays.com\/pt\/wp-json\/wp\/v2\/media?parent=187314"}],"wp:term":[{"taxonomy":"category","embeddable":true,"href":"https:\/\/www.europesays.com\/pt\/wp-json\/wp\/v2\/categories?post=187314"},{"taxonomy":"post_tag","embeddable":true,"href":"https:\/\/www.europesays.com\/pt\/wp-json\/wp\/v2\/tags?post=187314"}],"curies":[{"name":"wp","href":"https:\/\/api.w.org\/{rel}","templated":true}]}}