{"id":187320,"date":"2025-12-14T01:52:13","date_gmt":"2025-12-14T01:52:13","guid":{"rendered":"https:\/\/www.europesays.com\/pt\/187320\/"},"modified":"2025-12-14T01:52:13","modified_gmt":"2025-12-14T01:52:13","slug":"vento-continua-a-condicionar-estradas-com-varias-quedas-de-arvores-com-fotos-e-videos","status":"publish","type":"post","link":"https:\/\/www.europesays.com\/pt\/187320\/","title":{"rendered":"Vento continua a condicionar estradas com v\u00e1rias quedas de \u00e1rvores (com fotos e v\u00eddeos)"},"content":{"rendered":"\n<p class=\"p_0\">Em diferentes estradas da Regi\u00e3o, a circula\u00e7\u00e3o autom\u00f3vel tem sido condicionada e at\u00e9 mesmo impedida, devido \u00e0s in\u00fameras \u00e1rvores que t\u00eam ca\u00eddo como consequ\u00eancia do vento forte.<\/p>\n<p class=\"p_1\">A par de v\u00e1rias outras que o JM foi noticiando ao longo do dia, a estrada esteve cortada no Caminho dos Pretos.<\/p>\n<ul class=\"bxMultimediaText19308739\">\n<li>  <img loading=\"lazy\" decoding=\"async\" itercontenttypein=\"Image_Text\" itercontenttypeout=\"Image_Text\" src=\"https:\/\/www.europesays.com\/pt\/wp-content\/uploads\/2025\/12\/whatsapp-image-2025-12-13-at-16-06_642-8924688_20251213172029.jpg\" alt=\"Vento continua a condicionar estradas com v\u00e1rias quedas de \u00e1rvores (com fotos e v\u00eddeos)\" title=\"Vento continua a condicionar estradas com v\u00e1rias quedas de \u00e1rvores (com fotos e v\u00eddeos)\" width=\"451\" height=\"1000\" iterimgid=\"642-8924688\"\/>   <\/li>\n<\/ul>\n<p class=\"p_2\"><b>Veja um v\u00eddeo da ventania:<\/b><\/p>\n<p> <video id=\"multimediaPlayer193087396\" poster=\"https:\/\/www.jm-madeira.pt\/binrepository\/multimedia-whatsapp-video-2025-12-13-at-16_thumb642-8924690_20251213172029.jpg\" controls=\"\" width=\"100%\" height=\"100%\">  Tu navegador no soporta el v\u00eddeo de HTML5<br \/>\n                  <\/video> <\/p>\n<p class=\"p_3\">O mesmo sucedeu junto do Pavilh\u00e3o do Liceu Jaime Moniz, no Funchal, onde viaturas foram inclusivamente atingidas por galhos. Bem como nas zonas das Eiras, onde uma leitora do JM revelou que n\u00e3o era poss\u00edvel seguir caminho.<\/p>\n<ul class=\"bxMultimediaText19308739 bxSlider_content\">\n<li>  <img loading=\"lazy\" decoding=\"async\" itercontenttypein=\"Image_Text\" itercontenttypeout=\"Image_Text\" src=\"https:\/\/www.europesays.com\/pt\/wp-content\/uploads\/2025\/12\/whatsapp-image-2025-12-13-at-14-37_642-8924692_20251213172029.jpg\" alt=\"Vento continua a condicionar estradas com v\u00e1rias quedas de \u00e1rvores (com fotos e v\u00eddeos)\" title=\"Vento continua a condicionar estradas com v\u00e1rias quedas de \u00e1rvores (com fotos e v\u00eddeos)\" width=\"750\" height=\"1000\" iterimgid=\"642-8924692\"\/>   <\/li>\n<li>  <img loading=\"lazy\" decoding=\"async\" itercontenttypein=\"Image_Text\" itercontenttypeout=\"Image_Text\" src=\"https:\/\/www.europesays.com\/pt\/wp-content\/uploads\/2025\/12\/whatsapp-image-2025-12-13-at-14-54_642-8924693_20251213172030.jpg\" alt=\"Vento continua a condicionar estradas com v\u00e1rias quedas de \u00e1rvores (com fotos e v\u00eddeos)\" title=\"Vento continua a condicionar estradas com v\u00e1rias quedas de \u00e1rvores (com fotos e v\u00eddeos)\" width=\"725\" height=\"1000\" iterimgid=\"642-8924693\"\/>   <\/li>\n<\/ul>\n<p class=\"p_4\">Refira-se que o Servi\u00e7o de Prote\u00e7\u00e3o Civil tem emitido, ao longo do dia, v\u00e1rios avisos de estradas condicionadas.<\/p>\n","protected":false},"excerpt":{"rendered":"Em diferentes estradas da Regi\u00e3o, a circula\u00e7\u00e3o autom\u00f3vel tem sido condicionada e at\u00e9 mesmo impedida, devido \u00e0s in\u00fameras&hellip;\n","protected":false},"author":2,"featured_media":187321,"comment_status":"","ping_status":"","sticky":false,"template":"","format":"standard","meta":{"footnotes":""},"categories":[10],"tags":[27,28,15,16,14,25,26,4000,21,22,12,13,19,20,32,23,24,33,17,18,29,30,31],"class_list":{"0":"post-187320","1":"post","2":"type-post","3":"status-publish","4":"format-standard","5":"has-post-thumbnail","7":"category-portugal","8":"tag-breaking-news","9":"tag-breakingnews","10":"tag-featured-news","11":"tag-featurednews","12":"tag-headlines","13":"tag-latest-news","14":"tag-latestnews","15":"tag-ligia-neves","16":"tag-main-news","17":"tag-mainnews","18":"tag-news","19":"tag-noticias","20":"tag-noticias-principais","21":"tag-noticiasprincipais","22":"tag-portugal","23":"tag-principais-noticias","24":"tag-principaisnoticias","25":"tag-pt","26":"tag-top-stories","27":"tag-topstories","28":"tag-ultimas","29":"tag-ultimas-noticias","30":"tag-ultimasnoticias"},"share_on_mastodon":{"url":"https:\/\/pubeurope.com\/@pt\/115715424286430345","error":""},"_links":{"self":[{"href":"https:\/\/www.europesays.com\/pt\/wp-json\/wp\/v2\/posts\/187320","targetHints":{"allow":["GET"]}}],"collection":[{"href":"https:\/\/www.europesays.com\/pt\/wp-json\/wp\/v2\/posts"}],"about":[{"href":"https:\/\/www.europesays.com\/pt\/wp-json\/wp\/v2\/types\/post"}],"author":[{"embeddable":true,"href":"https:\/\/www.europesays.com\/pt\/wp-json\/wp\/v2\/users\/2"}],"replies":[{"embeddable":true,"href":"https:\/\/www.europesays.com\/pt\/wp-json\/wp\/v2\/comments?post=187320"}],"version-history":[{"count":0,"href":"https:\/\/www.europesays.com\/pt\/wp-json\/wp\/v2\/posts\/187320\/revisions"}],"wp:featuredmedia":[{"embeddable":true,"href":"https:\/\/www.europesays.com\/pt\/wp-json\/wp\/v2\/media\/187321"}],"wp:attachment":[{"href":"https:\/\/www.europesays.com\/pt\/wp-json\/wp\/v2\/media?parent=187320"}],"wp:term":[{"taxonomy":"category","embeddable":true,"href":"https:\/\/www.europesays.com\/pt\/wp-json\/wp\/v2\/categories?post=187320"},{"taxonomy":"post_tag","embeddable":true,"href":"https:\/\/www.europesays.com\/pt\/wp-json\/wp\/v2\/tags?post=187320"}],"curies":[{"name":"wp","href":"https:\/\/api.w.org\/{rel}","templated":true}]}}