{"id":187322,"date":"2025-12-14T01:53:37","date_gmt":"2025-12-14T01:53:37","guid":{"rendered":"https:\/\/www.europesays.com\/pt\/187322\/"},"modified":"2025-12-14T01:53:37","modified_gmt":"2025-12-14T01:53:37","slug":"margarida-corceiro-brilha-ao-lado-de-lando-norris-na-gala-da-formula-1-fotogaleria","status":"publish","type":"post","link":"https:\/\/www.europesays.com\/pt\/187322\/","title":{"rendered":"Margarida Corceiro brilha ao lado de Lando Norris na gala da F\u00f3rmula 1 (fotogaleria)"},"content":{"rendered":"<p>Lando Norris recebeu, na sexta-feira, o primeiro t\u00edtulo de campe\u00e3o do Mundo de F\u00f3rmula 1, numa cerim\u00f3nia que juntou v\u00e1rias\u00a0figuras do desporto autom\u00f3vel internacional. <\/p>\n<p>Ao lado do piloto esteve a namorada, a atriz portuguesa Margarida Corceiro, que o acompanhou na gala da FIA, que se realizou em Tashkent, capital do Uzbequist\u00e3o. \u00a0<\/p>\n<p>Nas imagens que circularam nas redes sociais, Lando Norris aparece ao lado do colega de equipa Oscar Piastri.\u00a0<\/p>\n","protected":false},"excerpt":{"rendered":"Lando Norris recebeu, na sexta-feira, o primeiro t\u00edtulo de campe\u00e3o do Mundo de F\u00f3rmula 1, numa cerim\u00f3nia que&hellip;\n","protected":false},"author":2,"featured_media":187323,"comment_status":"","ping_status":"","sticky":false,"template":"","format":"standard","meta":{"footnotes":""},"categories":[8],"tags":[27,28,15,16,14,25,26,21,22,12,13,19,20,32,23,24,33,17,18,29,30,31],"class_list":{"0":"post-187322","1":"post","2":"type-post","3":"status-publish","4":"format-standard","5":"has-post-thumbnail","7":"category-principais-noticias","8":"tag-breaking-news","9":"tag-breakingnews","10":"tag-featured-news","11":"tag-featurednews","12":"tag-headlines","13":"tag-latest-news","14":"tag-latestnews","15":"tag-main-news","16":"tag-mainnews","17":"tag-news","18":"tag-noticias","19":"tag-noticias-principais","20":"tag-noticiasprincipais","21":"tag-portugal","22":"tag-principais-noticias","23":"tag-principaisnoticias","24":"tag-pt","25":"tag-top-stories","26":"tag-topstories","27":"tag-ultimas","28":"tag-ultimas-noticias","29":"tag-ultimasnoticias"},"share_on_mastodon":{"url":"https:\/\/pubeurope.com\/@pt\/115715427922968489","error":""},"_links":{"self":[{"href":"https:\/\/www.europesays.com\/pt\/wp-json\/wp\/v2\/posts\/187322","targetHints":{"allow":["GET"]}}],"collection":[{"href":"https:\/\/www.europesays.com\/pt\/wp-json\/wp\/v2\/posts"}],"about":[{"href":"https:\/\/www.europesays.com\/pt\/wp-json\/wp\/v2\/types\/post"}],"author":[{"embeddable":true,"href":"https:\/\/www.europesays.com\/pt\/wp-json\/wp\/v2\/users\/2"}],"replies":[{"embeddable":true,"href":"https:\/\/www.europesays.com\/pt\/wp-json\/wp\/v2\/comments?post=187322"}],"version-history":[{"count":0,"href":"https:\/\/www.europesays.com\/pt\/wp-json\/wp\/v2\/posts\/187322\/revisions"}],"wp:featuredmedia":[{"embeddable":true,"href":"https:\/\/www.europesays.com\/pt\/wp-json\/wp\/v2\/media\/187323"}],"wp:attachment":[{"href":"https:\/\/www.europesays.com\/pt\/wp-json\/wp\/v2\/media?parent=187322"}],"wp:term":[{"taxonomy":"category","embeddable":true,"href":"https:\/\/www.europesays.com\/pt\/wp-json\/wp\/v2\/categories?post=187322"},{"taxonomy":"post_tag","embeddable":true,"href":"https:\/\/www.europesays.com\/pt\/wp-json\/wp\/v2\/tags?post=187322"}],"curies":[{"name":"wp","href":"https:\/\/api.w.org\/{rel}","templated":true}]}}