{"id":187335,"date":"2025-12-14T02:05:25","date_gmt":"2025-12-14T02:05:25","guid":{"rendered":"https:\/\/www.europesays.com\/pt\/187335\/"},"modified":"2025-12-14T02:05:25","modified_gmt":"2025-12-14T02:05:25","slug":"somos-o-proximo-alvo-da-russia-e-ja-estamos-em-perigo-lider-da-nato-nao-hesita-nas-palavras","status":"publish","type":"post","link":"https:\/\/www.europesays.com\/pt\/187335\/","title":{"rendered":"\u201cSomos o pr\u00f3ximo alvo da R\u00fassia. E j\u00e1 estamos em perigo&#8221;; l\u00edder da NATO n\u00e3o hesita nas palavras"},"content":{"rendered":"<p class=\"wp-caption-text top\">Clemens Bilan \/ EPA<\/p>\n<p><img decoding=\"async\" loading=\"lazy\" class=\"size-kopa-image-size-3 wp-image-716561\" src=\"https:\/\/www.europesays.com\/pt\/wp-content\/uploads\/2025\/12\/164bcca3a8110165726513ad5cfc2996-783x450.jpg\" alt=\"\" width=\"700\" height=\"402\"  \/><\/p>\n<p class=\"wp-caption-text bot\">Mark Rutte e Friedrich Merz<\/p>\n<p><strong>Mark Rutte acrescentou: \u201cTemos de estar preparados para a escala de guerra que os nossos av\u00f3s e bisav\u00f3s viveram\u201d.<\/strong><\/p>\n<p>Os discursos de l\u00edderes de grandes institui\u00e7\u00f5es costumam ser marcados pela pondera\u00e7\u00e3o, pela tranquilidade, pela formalidade. N\u00e3o foi isso que aconteceu nesta quinta-feira.<\/p>\n<p><strong>Mark Rutte,<\/strong> secret\u00e1rio-geral da NATO, n\u00e3o seguiu a diplomacia habitual e lan\u00e7ou um aviso directo, quase um alerta geral, em rela\u00e7\u00e3o \u00e0s pr\u00f3ximas inten\u00e7\u00f5es de Vladimir Putin.<\/p>\n<p><strong>\u201cSomos o pr\u00f3ximo alvo da R\u00fassia. E j\u00e1 estamos em perigo\u201d<\/strong>, atirou Rutte.<\/p>\n<p>\u201cO conflito est\u00e1 \u00e0 nossa porta. A R\u00fassia fez regressar a guerra \u00e0 Europa. E <strong>temos de estar preparados para a escala de guerra que os nossos av\u00f3s e bisav\u00f3s viveram<\/strong>\u201d.<\/p>\n<p>\u201cTemo que demasiados estejam a ser silenciosamente <strong>complacentes.<\/strong> Demasiados <strong>n\u00e3o sentem a urg\u00eancia<\/strong>. E demasiados creem que temos o tempo do nosso lado \u2013 <strong>n\u00e3o temos tempo.<\/strong> A altura para agir \u00e9 agora\u201d, continuou o l\u00edder da alian\u00e7a.<\/p>\n<p>A R\u00fassia poder\u00e1 estar pronta para usar a for\u00e7a contra a NATO \u201cnum prazo de <strong>cinco anos\u201d,<\/strong> avisou o secret\u00e1rio-geral.<\/p>\n<p>Mark Rutte admitiu que j\u00e1<strong> deixou de tentar \u201cadivinhar o que vai na cabe\u00e7a\u201d de Vladimir Putin<\/strong>, presidente da R\u00fassia.<\/p>\n<p>Na mesma confer\u00eancia em Berlim, o chanceler da Alemanha, <strong>Friedrich Merz,<\/strong> abordou este \u201ctempo de grande turbul\u00eancia geopol\u00edtica\u201d, dizendo que os europeus \u201cn\u00e3o permitir\u00e3o que nada ou ningu\u00e9m os divida\u201d.<\/p>\n<p>A<strong> Europa \u201cn\u00e3o pode pressionar Zelenskyy a concess\u00f5es inaceit\u00e1veis\u201d<\/strong>, continuou Merz.<\/p>\n<p>O l\u00edder do Governo alem\u00e3o acredita no compromisso dos EUA de Donald Trump em rela\u00e7\u00e3o \u00e0 NATO.<\/p>\n<p>Voltando a Mark Rutte, novo aviso, direccionado directamente aos alem\u00e3es:<strong> \u201cSe amas a l\u00edngua alem\u00e3 e n\u00e3o queres falar russo, isto \u00e9 crucial. Caso contr\u00e1rio, este homem (Putin) n\u00e3o ficar\u00e1 pela Ucr\u00e2nia\u201d.<\/strong><\/p>\n<p style=\"padding-left: 25px; margin-bottom: 10; font-family: Roboto, Arial, Helvetica, sans-serif; font-size: 15px\">&#13;<br \/>\n        Nuno Teixeira da Silva, ZAP \/\/ <a href=\"\" data-wpel-link=\"internal\"\/>&#13;\n    <\/p>\n<p>    <a href=\"https:\/\/zap.aeiou.pt\/subscrever-newsletter\" data-wpel-link=\"internal\" rel=\"nofollow noopener\" target=\"_blank\">&#13;<br \/>\n        <img loading=\"lazy\" decoding=\"async\" class=\"aligncenter size-full wp-image-575475\" src=\"https:\/\/www.europesays.com\/pt\/wp-content\/uploads\/2025\/12\/1765389371_545_2d51fe4a0ba54894421ead1809309ed9-1-450x140.jpg\" alt=\"Subscreva a Newsletter ZAP\" width=\"450\" height=\"140\"\/>&#13;<br \/>\n    <\/a><\/p>\n<p>                <a href=\"https:\/\/whatsapp.com\/channel\/0029VaIC4EE2f3EJZPPSbR34\" data-wpel-link=\"external\" target=\"_blank\" rel=\"nofollow external noopener noreferrer\" class=\"ext-link\">&#13;<br \/>\n                    <img loading=\"lazy\" decoding=\"async\" class=\"aligncenter size-full wp-image-575475\" src=\"https:\/\/www.europesays.com\/pt\/wp-content\/uploads\/2025\/12\/1765389371_770_c68c559d956d4ca20f435ed74a6e71e6.png\" alt=\"Siga-nos no WhatsApp\" width=\"175\" height=\"64\"\/>&#13;<br \/>\n                <\/a><\/p>\n<p>                <a href=\"https:\/\/news.google.com\/publications\/CAAiEHRwZondIV71PDjWNoqMduEqFAgKIhB0cGaJ3SFe9Tw41jaKjHbh?hl=en-US&amp;gl=US&amp;ceid=US%3Aen\" data-wpel-link=\"external\" target=\"_blank\" rel=\"nofollow external noopener noreferrer\" class=\"ext-link\">&#13;<br \/>\n                    <img loading=\"lazy\" decoding=\"async\" class=\"aligncenter size-full wp-image-575475\" src=\"https:\/\/www.europesays.com\/pt\/wp-content\/uploads\/2025\/12\/1765389372_556_5123dd8b087b644fdb8f8603acd1bad4.png\" alt=\"Siga-nos no Google News\" width=\"176\" height=\"64\"\/>&#13;<br \/>\n                <\/a><\/p>\n","protected":false},"excerpt":{"rendered":"Clemens Bilan \/ EPA Mark Rutte e Friedrich Merz Mark Rutte acrescentou: \u201cTemos de estar preparados para a&hellip;\n","protected":false},"author":2,"featured_media":187336,"comment_status":"","ping_status":"","sticky":false,"template":"","format":"standard","meta":{"footnotes":""},"categories":[50],"tags":[1305,27,28,269,15,16,830,14,25,26,21,22,62,3400,12,13,19,20,4007,23,24,839,17,18,840,29,30,31,63,64,65],"class_list":{"0":"post-187335","1":"post","2":"type-post","3":"status-publish","4":"format-standard","5":"has-post-thumbnail","7":"category-mundo","8":"tag-alemanha","9":"tag-breaking-news","10":"tag-breakingnews","11":"tag-capa","12":"tag-featured-news","13":"tag-featurednews","14":"tag-guerra","15":"tag-headlines","16":"tag-latest-news","17":"tag-latestnews","18":"tag-main-news","19":"tag-mainnews","20":"tag-mundo","21":"tag-nato","22":"tag-news","23":"tag-noticias","24":"tag-noticias-principais","25":"tag-noticiasprincipais","26":"tag-politica-internacional","27":"tag-principais-noticias","28":"tag-principaisnoticias","29":"tag-russia","30":"tag-top-stories","31":"tag-topstories","32":"tag-ucrania","33":"tag-ultimas","34":"tag-ultimas-noticias","35":"tag-ultimasnoticias","36":"tag-world","37":"tag-world-news","38":"tag-worldnews"},"share_on_mastodon":{"url":"https:\/\/pubeurope.com\/@pt\/115715475433200581","error":""},"_links":{"self":[{"href":"https:\/\/www.europesays.com\/pt\/wp-json\/wp\/v2\/posts\/187335","targetHints":{"allow":["GET"]}}],"collection":[{"href":"https:\/\/www.europesays.com\/pt\/wp-json\/wp\/v2\/posts"}],"about":[{"href":"https:\/\/www.europesays.com\/pt\/wp-json\/wp\/v2\/types\/post"}],"author":[{"embeddable":true,"href":"https:\/\/www.europesays.com\/pt\/wp-json\/wp\/v2\/users\/2"}],"replies":[{"embeddable":true,"href":"https:\/\/www.europesays.com\/pt\/wp-json\/wp\/v2\/comments?post=187335"}],"version-history":[{"count":0,"href":"https:\/\/www.europesays.com\/pt\/wp-json\/wp\/v2\/posts\/187335\/revisions"}],"wp:featuredmedia":[{"embeddable":true,"href":"https:\/\/www.europesays.com\/pt\/wp-json\/wp\/v2\/media\/187336"}],"wp:attachment":[{"href":"https:\/\/www.europesays.com\/pt\/wp-json\/wp\/v2\/media?parent=187335"}],"wp:term":[{"taxonomy":"category","embeddable":true,"href":"https:\/\/www.europesays.com\/pt\/wp-json\/wp\/v2\/categories?post=187335"},{"taxonomy":"post_tag","embeddable":true,"href":"https:\/\/www.europesays.com\/pt\/wp-json\/wp\/v2\/tags?post=187335"}],"curies":[{"name":"wp","href":"https:\/\/api.w.org\/{rel}","templated":true}]}}