{"id":187341,"date":"2025-12-14T02:08:10","date_gmt":"2025-12-14T02:08:10","guid":{"rendered":"https:\/\/www.europesays.com\/pt\/187341\/"},"modified":"2025-12-14T02:08:10","modified_gmt":"2025-12-14T02:08:10","slug":"marido-visita-isabel-veloso-em-hospital-e-relata-complicacoes-r7-entretenimento","status":"publish","type":"post","link":"https:\/\/www.europesays.com\/pt\/187341\/","title":{"rendered":"Marido visita Isabel Veloso em hospital e relata complica\u00e7\u00f5es \u2013 R7 Entretenimento"},"content":{"rendered":"<p>LEIA AQUI O RESUMO DA NOT\u00cdCIA<\/p>\n<ul class=\"b-article-body-custom-embed-brief-news__list\" style=\"margin: 0; padding-left: 20px; list-style-type: disc;\">\n<li>Isabel Veloso est\u00e1 internada na UTI desde 26 de novembro devido ao excesso de magn\u00e9sio no sangue.<\/li>\n<li>Seu marido, Lucas Borbas, relatou complica\u00e7\u00f5es no tratamento, mas destacou a for\u00e7a e luz de Isabel em momentos dif\u00edceis.<\/li>\n<li>Ap\u00f3s receber alta, Isabel voltou \u00e0 UTI por um quadro grave de pneumonia e precisou ser intubada.<\/li>\n<li>A influenciadora tem enfrentado problemas de sa\u00fade desde 2021, incluindo linfoma de Hodgkin, hepatite e pancreatite, e recentemente passou por um transplante de medula \u00f3ssea.<\/li>\n<\/ul>\n<p style=\"font-size: 0.8em; font-style: italic; text-align: right; margin-top: 15px; padding-bottom: 5px; margin-bottom: 0;\">Produzido pela Ri7a &#8211; a Intelig\u00eancia Artificial do R7<\/p>\n<p><img decoding=\"async\" data-chromatic=\"ignore\" alt=\"\" class=\"c-image\" loading=\"lazy\" src=\"https:\/\/www.europesays.com\/pt\/wp-content\/uploads\/2025\/12\/WLPYWEJG4REGHFAQA66GVAXPB4.jpg\"  width=\"1080\" height=\"1440\"\/>Isabel Veloso chegou a receber alta da UTI e foi para o quarto, mas passou posteriormente por um quadro grave de pneumonia Reprodu\u00e7\u00e3o\/Redes sociais @lucasborbass <\/p>\n<p class=\"jarvics:base-text-neutral-high-400 base-text-[calc(theme(fontSize.xs)_*_var(--font-size,_1))] base-font-normal base-font-primary base-text-neutral-low-500 base-text-left\"><a href=\"https:\/\/entretenimento.r7.com\/observatorio-dos-famosos\/marido-de-isabel-veloso-anuncia-decisao-dificil-durante-internacao-da-influenciadora-estamos-11122025\/\" target=\"_self\" rel=\"nofollow noopener\" title=\"https:\/\/entretenimento.r7.com\/observatorio-dos-famosos\/marido-de-isabel-veloso-anuncia-decisao-dificil-durante-internacao-da-influenciadora-estamos-11122025\/\">Lucas Borbas<\/a>, marido de <a href=\"https:\/\/www.r7.com\/tudo-sobre\/isabel-veloso\/\" target=\"_self\" rel=\"nofollow noopener\" title=\"https:\/\/www.r7.com\/tudo-sobre\/isabel-veloso\/\">Isabel Veloso<\/a>, compartilhou um story em seu Instagram atualizando o <a href=\"https:\/\/entretenimento.r7.com\/observatorio-dos-famosos\/isabel-veloso-tem-estado-de-saude-atualizado-apos-diagnostico-de-pneumonia-grave-05122025\/\" target=\"_self\" rel=\"nofollow noopener\" title=\"https:\/\/entretenimento.r7.com\/observatorio-dos-famosos\/isabel-veloso-tem-estado-de-saude-atualizado-apos-diagnostico-de-pneumonia-grave-05122025\/\">estado de sa\u00fade da influenciadora<\/a> na tarde deste s\u00e1bado (13). Ele relatou \u201ccomplica\u00e7\u00f5es\u201d e afirmou que \u201c\u00e9 imposs\u00edvel n\u00e3o se impressionar\u201d.<\/p>\n<p class=\"jarvics:base-text-neutral-high-400 base-text-[calc(theme(fontSize.xs)_*_var(--font-size,_1))] base-font-normal base-font-primary base-text-neutral-low-500 base-text-left\">\u201cIsabel teve algumas <b>complica\u00e7\u00f5es<\/b> nesses dias. O tratamento tem sido dif\u00edcil e, por momentos, refrat\u00e1rio. Hoje fui visit\u00e1-la. [&#8230;] Sinceramente, \u00e9 imposs\u00edvel n\u00e3o se impressionar. Mesmo em um momento t\u00e3o delicado, ela segue sendo forte, segue sendo luz. Isabel consegue iluminar at\u00e9 os dias mais dif\u00edceis. Voc\u00ea \u00e9 inspira\u00e7\u00e3o. Voc\u00ea \u00e9 luz. Te amo\u201d, escreveu.<\/p>\n<p class=\"jarvics:base-text-neutral-high-400 base-text-[calc(theme(fontSize.xs)_*_var(--font-size,_1))] base-font-normal base-font-primary base-text-neutral-low-500 base-text-left\">Isabel Veloso est\u00e1 internada na UTI (Unidade de Terapia Intensiva) de um hospital desde o dia 26 de novembro. \u00c0 \u00e9poca, exames apontaram <b>excesso de magn\u00e9sio em seu sangue<\/b>.<\/p>\n<p class=\"jarvics:base-text-neutral-high-400 base-text-[calc(theme(fontSize.xs)_*_var(--font-size,_1))] base-font-normal base-font-primary base-text-neutral-low-500 base-text-left\">Ela chegou a receber alta e foi para o quarto, mas passou posteriormente por um <b>quadro grave de pneumonia<\/b> que a fez retornar \u00e0 UTI, onde foi intubada.<\/p>\n<p class=\"jarvics:base-text-neutral-high-400 base-text-[calc(theme(fontSize.xs)_*_var(--font-size,_1))] base-font-normal base-font-primary base-text-neutral-low-500 base-text-left\">A influenciadora passou por diversos problemas de sa\u00fade nos \u00faltimos anos, desde que foi diagnosticada com um <a href=\"https:\/\/entretenimento.r7.com\/prisma\/fabiola-reipert\/pai-de-isabel-veloso-faz-apelo-por-oracoes-para-a-filha-internada-na-uti-08122025\/\" target=\"_self\" rel=\"nofollow noopener\" title=\"https:\/\/entretenimento.r7.com\/prisma\/fabiola-reipert\/pai-de-isabel-veloso-faz-apelo-por-oracoes-para-a-filha-internada-na-uti-08122025\/\">linfoma de hodgkin<\/a> em 2021.<\/p>\n<p class=\"jarvics:base-text-neutral-high-400 base-text-[calc(theme(fontSize.xs)_*_var(--font-size,_1))] base-font-normal base-font-primary base-text-neutral-low-500 base-text-left\">Segundo relatos de Isabel e da fam\u00edlia nas redes sociais, ela tamb\u00e9m foi diagnosticada com outras doen\u00e7as como <b>hepatite e pancreatite<\/b> recentemente. Em outubro, ela passou por um transplante de medula \u00f3ssea.<\/p>\n<p class=\"jarvics:base-text-neutral-high-400 base-text-[calc(theme(fontSize.xs)_*_var(--font-size,_1))] base-font-normal base-font-primary base-text-neutral-low-500 base-text-left\"><b>Para saber tudo do mundo dos famosos, <\/b><a href=\"https:\/\/whatsapp.com\/channel\/0029Va9UfKcHQbRyCyhPt71R\" rel=\"nofollow noopener\" target=\"_blank\"><b>siga o canal de entretenimento do R7<\/b><\/a><b>, o portal de not\u00edcias da RECORD, no WhatsApp<\/b><\/p>\n","protected":false},"excerpt":{"rendered":"LEIA AQUI O RESUMO DA NOT\u00cdCIA Isabel Veloso est\u00e1 internada na UTI desde 26 de novembro devido ao&hellip;\n","protected":false},"author":2,"featured_media":187342,"comment_status":"","ping_status":"","sticky":false,"template":"","format":"standard","meta":{"footnotes":""},"categories":[145],"tags":[211,210,114,115,980,7733,32,33,117],"class_list":{"0":"post-187341","1":"post","2":"type-post","3":"status-publish","4":"format-standard","5":"has-post-thumbnail","7":"category-celebridades","8":"tag-celebridades","9":"tag-celebrities","10":"tag-entertainment","11":"tag-entretenimento","12":"tag-famosos","13":"tag-isabel-veloso","14":"tag-portugal","15":"tag-pt","16":"tag-saude"},"share_on_mastodon":{"url":"https:\/\/pubeurope.com\/@pt\/115715487031177694","error":""},"_links":{"self":[{"href":"https:\/\/www.europesays.com\/pt\/wp-json\/wp\/v2\/posts\/187341","targetHints":{"allow":["GET"]}}],"collection":[{"href":"https:\/\/www.europesays.com\/pt\/wp-json\/wp\/v2\/posts"}],"about":[{"href":"https:\/\/www.europesays.com\/pt\/wp-json\/wp\/v2\/types\/post"}],"author":[{"embeddable":true,"href":"https:\/\/www.europesays.com\/pt\/wp-json\/wp\/v2\/users\/2"}],"replies":[{"embeddable":true,"href":"https:\/\/www.europesays.com\/pt\/wp-json\/wp\/v2\/comments?post=187341"}],"version-history":[{"count":0,"href":"https:\/\/www.europesays.com\/pt\/wp-json\/wp\/v2\/posts\/187341\/revisions"}],"wp:featuredmedia":[{"embeddable":true,"href":"https:\/\/www.europesays.com\/pt\/wp-json\/wp\/v2\/media\/187342"}],"wp:attachment":[{"href":"https:\/\/www.europesays.com\/pt\/wp-json\/wp\/v2\/media?parent=187341"}],"wp:term":[{"taxonomy":"category","embeddable":true,"href":"https:\/\/www.europesays.com\/pt\/wp-json\/wp\/v2\/categories?post=187341"},{"taxonomy":"post_tag","embeddable":true,"href":"https:\/\/www.europesays.com\/pt\/wp-json\/wp\/v2\/tags?post=187341"}],"curies":[{"name":"wp","href":"https:\/\/api.w.org\/{rel}","templated":true}]}}