{"id":187343,"date":"2025-12-14T02:11:30","date_gmt":"2025-12-14T02:11:30","guid":{"rendered":"https:\/\/www.europesays.com\/pt\/187343\/"},"modified":"2025-12-14T02:11:30","modified_gmt":"2025-12-14T02:11:30","slug":"jessica-sobre-pedro-e-marisa-eles-nao-se-apoiam-tvi","status":"publish","type":"post","link":"https:\/\/www.europesays.com\/pt\/187343\/","title":{"rendered":"J\u00e9ssica sobre Pedro e Marisa: &quot;Eles n\u00e3o se apoiam&quot; &#8211; TVI"},"content":{"rendered":"<ol>\n<li><a href=\"https:\/\/news.google.com\/rss\/articles\/CBMiqgFBVV95cUxPYURBWHRqMGxjaVZ6VlZ5MXpMSEZkM09VVWctVm95Rm9Rd09qTUZCdXhIYjNMcFVKMm5uOG93cmZBOXFYLWJnV3l6VHlrb0VnNHpudUxZV01LRnJUdXE5T05RaGcySUZPd0VDRDlodEVuZTdNRHUtSVBxdldlbXhhaUVmR3NKdzQ0NUtLSkF5WEZITDNnb1V5bzRnYWRuT3RSVmF0SEtnVlZ2QQ?oc=5\" target=\"_blank\" rel=\"nofollow noopener\">J\u00e9ssica sobre Pedro e Marisa: &#8220;Eles n\u00e3o se apoiam&#8221;<\/a>&nbsp;&nbsp;TVI<\/li>\n<li><a href=\"https:\/\/news.google.com\/rss\/articles\/CBMizgJBVV95cUxOOXM2N2ltaVdEaUZhYUEtV1JESkdBTDdRN3FkSG43d0ZQTUc3czRmSF9kUHJKVUxCOHRTU01teVdiQnM1OVRJdnB4LWxhVHNfNGJjYnUyRWNmQW9zLVZZNkJwSzhfVWpCalY2Z1RNMjJxS1pvTjNXNk11anJ3LVV6VDJuTVZOOGEzWG9LSlowaVowejBINV92U1pFdWxCSnBISENXbHRMVnRzQ1ZDV2pGdmZHUjdibFE5X0J5YnVPR29Vbk1wYVQteWlsMjROMG9TYmtzV2FRRGpJb0tFcUtGMDN6T1Q2ZkZEcHpjTGN6UTJuQUF6Vm52aHlfX08za3FjZ2JrSkJNMmhsazlpaUpSWWxVRDNvVS14UWFTRXAxME9sYzUzMW5mTGhIbmpwRlctOVhpQ0pLRTR5LWdKb3NNVjU0S25sc2I5aHlWNGhn?oc=5\" target=\"_blank\" rel=\"nofollow noopener\">Adepto do Sporting, v\u00edtima de trag\u00e9dia, alega neglig\u00eancia do clube: \u201cPorque \u00e9 que n\u00e3o me acodem a mim?\u201d<\/a>&nbsp;&nbsp;MSN<\/li>\n<li><a href=\"https:\/\/news.google.com\/rss\/articles\/CBMi_AFBVV95cUxOTjB3bTB0dWZVWDQ4Wk1LUXhXV0JyR2p5WjRsVTMwaGxhaXBnLThDcUg0T1VDUEFKTFRrdHpyb2lIaUtfRWZWU05qMmdDMmJ4OUExWHZBQ1QweE5FTlJzSGZQNG5qekEwNEtyYkdaMkxXQjNlQUNXanVZdVNabTdFQTZrSlgzRVY1ODN3Q2cxc3RFS1ZWcDFuRmIyX1lnUU1jVnVkbGcyaTlrRTROamFtVzFKTUNJRGtvQll2eVNqZTJ1NUVGZU9ERW9uaHBBMmgxOTVoN1BUaEx1STRaQldhSEdqSGVZMXVBQWpXQ09lUXJjSkJ1UG9MRmtkU2c?oc=5\" target=\"_blank\" rel=\"nofollow noopener\">Programa da TVI recebe sobrevivente de trag\u00e9dia que abalou o pa\u00eds. Cl\u00e1udio Ramos reage: &#8220;\u00c9 um milagre estar aqui&#8221;<\/a>&nbsp;&nbsp;TVI<\/li>\n<li><a href=\"https:\/\/news.google.com\/rss\/articles\/CBMi5gFBVV95cUxOdmNQZEUwM2RmUTM4akMxQjZ0VmZId0FXZnlSby1HcFJyS04yU3hSWHVFRkQ4YkxQUi04UGJRMm1adXplbVhETmJaTUE5cllXaHMxOUdVdHB2aktNTExhR0E5MzhDcVZ0U29iZkM1cVEtcjMyRFlDVnVCZVdHdUFUeXFJNmVaOWxSMVZsR0FQU0t0RHp0ZUZMM2tDRm8wSjJfQXJTd2ZlUXE3T0J1bXR6N3FxWFFadFNxM0dXdnNmcWZvT0ZkTWgxTm53QUZWTkRJNXVza0FGLVBtWkFyaXZLa3l4aU5Ydw?oc=5\" target=\"_blank\" rel=\"nofollow noopener\">Raquel apela \u00e0 sa\u00edda da Liliana do \u00abSecret Story 9\u00bb: &#8220;\u00c9 mesmo insuport\u00e1vel a conviv\u00eancia com ela&#8221;<\/a>&nbsp;&nbsp;TVI<\/li>\n<\/ol>\n","protected":false},"excerpt":{"rendered":"J\u00e9ssica sobre Pedro e Marisa: &#8220;Eles n\u00e3o se apoiam&#8221;&nbsp;&nbsp;TVI Adepto do Sporting, v\u00edtima de trag\u00e9dia, alega neglig\u00eancia do&hellip;\n","protected":false},"author":2,"featured_media":187344,"comment_status":"","ping_status":"","sticky":false,"template":"","format":"standard","meta":{"footnotes":""},"categories":[142],"tags":[329,166,3412,3406,3409,801,3410,3411,3407,3408,114,115,37965,3413,338,19184,14646,32,33,16686,151],"class_list":{"0":"post-187343","1":"post","2":"type-post","3":"status-publish","4":"format-standard","5":"has-post-thumbnail","7":"category-tv","8":"tag-claudio-ramos","9":"tag-cristina-ferreira","10":"tag-dois-10","11":"tag-dois-a-s-10-dois-a-s-10","12":"tag-dois-a-s-dez","13":"tag-dois-as-10","14":"tag-dois-as-dez","15":"tag-dois-dez","16":"tag-doisas10","17":"tag-doisasdez","18":"tag-entertainment","19":"tag-entretenimento","20":"tag-jessica","21":"tag-manha-tvi","22":"tag-maria-botelho-moniz","23":"tag-marisa","24":"tag-pedro","25":"tag-portugal","26":"tag-pt","27":"tag-secret-story-9","28":"tag-tv"},"share_on_mastodon":{"url":"https:\/\/pubeurope.com\/@pt\/115715498534909645","error":""},"_links":{"self":[{"href":"https:\/\/www.europesays.com\/pt\/wp-json\/wp\/v2\/posts\/187343","targetHints":{"allow":["GET"]}}],"collection":[{"href":"https:\/\/www.europesays.com\/pt\/wp-json\/wp\/v2\/posts"}],"about":[{"href":"https:\/\/www.europesays.com\/pt\/wp-json\/wp\/v2\/types\/post"}],"author":[{"embeddable":true,"href":"https:\/\/www.europesays.com\/pt\/wp-json\/wp\/v2\/users\/2"}],"replies":[{"embeddable":true,"href":"https:\/\/www.europesays.com\/pt\/wp-json\/wp\/v2\/comments?post=187343"}],"version-history":[{"count":0,"href":"https:\/\/www.europesays.com\/pt\/wp-json\/wp\/v2\/posts\/187343\/revisions"}],"wp:featuredmedia":[{"embeddable":true,"href":"https:\/\/www.europesays.com\/pt\/wp-json\/wp\/v2\/media\/187344"}],"wp:attachment":[{"href":"https:\/\/www.europesays.com\/pt\/wp-json\/wp\/v2\/media?parent=187343"}],"wp:term":[{"taxonomy":"category","embeddable":true,"href":"https:\/\/www.europesays.com\/pt\/wp-json\/wp\/v2\/categories?post=187343"},{"taxonomy":"post_tag","embeddable":true,"href":"https:\/\/www.europesays.com\/pt\/wp-json\/wp\/v2\/tags?post=187343"}],"curies":[{"name":"wp","href":"https:\/\/api.w.org\/{rel}","templated":true}]}}