{"id":187365,"date":"2025-12-14T02:37:09","date_gmt":"2025-12-14T02:37:09","guid":{"rendered":"https:\/\/www.europesays.com\/pt\/187365\/"},"modified":"2025-12-14T02:37:09","modified_gmt":"2025-12-14T02:37:09","slug":"morangos-com-acucar-lembra-se-da-jennifer-apos-quase-20-anos-e-patroa-e-tem-gesto-viral-durante-greve-geral","status":"publish","type":"post","link":"https:\/\/www.europesays.com\/pt\/187365\/","title":{"rendered":"&#8220;Morangos com A\u00e7\u00facar&#8221;: lembra-se da Jennifer? Ap\u00f3s quase 20 anos, \u00e9 &#8220;patroa&#8221; e tem gesto viral durante greve geral!"},"content":{"rendered":"<p><a href=\"https:\/\/selfie.iol.pt\/nacional\/premio\/sara-barros-leitao-distinguida-com-atriz-revelacao-de-teatro\" target=\"_blank\" rel=\"nofollow noopener\">Sara Barros Leit\u00e3o<\/a> partilhou, no Instagram, uma fotografia, na qual se mostra a participar na manifesta\u00e7\u00e3o da greve geral &#8211; na passada quinta-feira, dia 11 &#8211; n\u00e3o enquanto trabalhadora, mas sim enquanto patroa.<\/p>\n<p>&#8220;Sou patroa e sou contra o pacote laboral! N\u00e3o defendo os meus interesses, defendo os meus princ\u00edpios&#8221;, pode ler-se num cartaz empunhado pela atriz, que se tornou conhecida dos espetadores ao dar vida a Jennifer, em 2007, na s\u00e9rie juvenil &#8220;Morangos com A\u00e7\u00facar&#8221;.<\/p>\n<p>Este registo j\u00e1 acumula mais de 35 mil &#8220;gostos&#8221; e mais de 1000 coment\u00e1rios. Tiago Aldeia, Mafalda Lu\u00eds de Castro e Jos\u00e9 Pedro Vasconcelos &#8211; <a href=\"https:\/\/selfie.iol.pt\/famosos\/greve\/gesto-de-jose-pedro-vasconcelos-durante-greve-geral-surpreende-tudo-e-todos\/20251212\/693c1b63d34e3caad84c4ee9\" target=\"_blank\" rel=\"nofollow noopener\">que tomou a mesma atitude<\/a> &#8211; foram alguns dos famosos que aplaudiram o gesto de Sara Barros Leit\u00e3o.<\/p>\n<p>Veja, agora, a imagem partilhada por Sara Barros Leit\u00e3o na galeria de fotografias que prepar\u00e1mos para si.<\/p>\n","protected":false},"excerpt":{"rendered":"Sara Barros Leit\u00e3o partilhou, no Instagram, uma fotografia, na qual se mostra a participar na manifesta\u00e7\u00e3o da greve&hellip;\n","protected":false},"author":2,"featured_media":187366,"comment_status":"","ping_status":"","sticky":false,"template":"","format":"standard","meta":{"footnotes":""},"categories":[145],"tags":[813,211,210,114,115,980,31789,1015,37968,1476,619,32,33,6805,34710,1012],"class_list":{"0":"post-187365","1":"post","2":"type-post","3":"status-publish","4":"format-standard","5":"has-post-thumbnail","7":"category-celebridades","8":"tag-atriz","9":"tag-celebridades","10":"tag-celebrities","11":"tag-entertainment","12":"tag-entretenimento","13":"tag-famosos","14":"tag-greve-geral","15":"tag-instagram","16":"tag-jennifer","17":"tag-morangos-com-acucar","18":"tag-nacional","19":"tag-portugal","20":"tag-pt","21":"tag-remember","22":"tag-sara-barros-leitao","23":"tag-selfie"},"share_on_mastodon":{"url":"https:\/\/pubeurope.com\/@pt\/115715600758323422","error":""},"_links":{"self":[{"href":"https:\/\/www.europesays.com\/pt\/wp-json\/wp\/v2\/posts\/187365","targetHints":{"allow":["GET"]}}],"collection":[{"href":"https:\/\/www.europesays.com\/pt\/wp-json\/wp\/v2\/posts"}],"about":[{"href":"https:\/\/www.europesays.com\/pt\/wp-json\/wp\/v2\/types\/post"}],"author":[{"embeddable":true,"href":"https:\/\/www.europesays.com\/pt\/wp-json\/wp\/v2\/users\/2"}],"replies":[{"embeddable":true,"href":"https:\/\/www.europesays.com\/pt\/wp-json\/wp\/v2\/comments?post=187365"}],"version-history":[{"count":0,"href":"https:\/\/www.europesays.com\/pt\/wp-json\/wp\/v2\/posts\/187365\/revisions"}],"wp:featuredmedia":[{"embeddable":true,"href":"https:\/\/www.europesays.com\/pt\/wp-json\/wp\/v2\/media\/187366"}],"wp:attachment":[{"href":"https:\/\/www.europesays.com\/pt\/wp-json\/wp\/v2\/media?parent=187365"}],"wp:term":[{"taxonomy":"category","embeddable":true,"href":"https:\/\/www.europesays.com\/pt\/wp-json\/wp\/v2\/categories?post=187365"},{"taxonomy":"post_tag","embeddable":true,"href":"https:\/\/www.europesays.com\/pt\/wp-json\/wp\/v2\/tags?post=187365"}],"curies":[{"name":"wp","href":"https:\/\/api.w.org\/{rel}","templated":true}]}}