{"id":187371,"date":"2025-12-14T02:47:20","date_gmt":"2025-12-14T02:47:20","guid":{"rendered":"https:\/\/www.europesays.com\/pt\/187371\/"},"modified":"2025-12-14T02:47:20","modified_gmt":"2025-12-14T02:47:20","slug":"meta-acorda-de-um-sonho-virtual-com-70-mil-milhoes-de-perdas-zuckerberg-desliga-o-metaverso-e-vira-se-para-a-superinteligencia","status":"publish","type":"post","link":"https:\/\/www.europesays.com\/pt\/187371\/","title":{"rendered":"Meta acorda de um sonho virtual com 70 mil milh\u00f5es de perdas. Zuckerberg \u201cdesliga\u201d o Metaverso e vira-se para a Superintelig\u00eancia"},"content":{"rendered":"\n<p>A concorr\u00eancia enfrenta o mesmo muro. A Apple, com os seus \u00f3culos de realidade aumentada Vision Pro, debate-se com vendas fracas e pausas na produ\u00e7\u00e3o, enquanto a Sony foi for\u00e7ada a cortar o pre\u00e7o do PSVR2 para 350 euros, menos 100 do que antes e bem menos do que os quase 600 no lan\u00e7amento, em fevereiro de 2023. Em dois anos, o fabricante japon\u00eas vendeu menos de 1,5 milh\u00f5es de unidades desta segunda vers\u00e3o do seu sistema de VR para a PlayStation.<\/p>\n<p>Para agravar todo este cen\u00e1rio, o desenvolvimento do metaverso enfrenta agora um inimigo invis\u00edvel: a pr\u00f3pria Intelig\u00eancia Artificial. A atual \u201ccorrida ao ouro\u201d da IA criou um buraco negro que absorve todo o hardware dispon\u00edvel. Relat\u00f3rios de dezembro de 2025 indicam que o pre\u00e7o da mem\u00f3ria RAM disparou at\u00e9 600% em certos mercados, com os fabricantes a desviarem toda a produ\u00e7\u00e3o para servidores de IA. A situa\u00e7\u00e3o atingiu contornos ins\u00f3litos na Samsung, onde a Divis\u00e3o M\u00f3vel reporta dificuldades em adquirir chips \u00e0 sua pr\u00f3pria Divis\u00e3o de Semicondutores, que prefere vender a capacidade de produ\u00e7\u00e3o a gigantes de IA a pre\u00e7os premium [ler texto ao lado]. Com o \u201csil\u00edcio\u201d a pre\u00e7os proibitivos, criar headsets acess\u00edveis tornou-se uma impossibilidade financeira.<\/p>\n<p>Entra o projeto Avocado. E goodbye open-source<\/p>\n<p>O dinheiro poupado no metaverso n\u00e3o ficar\u00e1 nos cofres da empresa. A Meta est\u00e1 a redirecionar maci\u00e7amente estes recursos para a nova obsess\u00e3o de Silicon Valley. A estrat\u00e9gia passa agora pelo abandono da filosofia open-source do modelo Llama em favor de um novo modelo comercial e propriet\u00e1rio, com o nome de c\u00f3digo Avocado, previsto para o primeiro trimestre de 2026.<\/p>\n<p>Para liderar esta frente, a empresa criou a unidade Superintelligence Labs, contratando talento da OpenAI e da Apple a peso de ouro. A previs\u00e3o \u00e9 que a Meta gaste cerca de 72 mil milh\u00f5es de d\u00f3lares em IA s\u00f3 este ano, mais do que perdeu no metaverso em quatro anos.<\/p>\n<p>No campo do hardware, a li\u00e7\u00e3o parece ter sido aprendida. O sucesso dos \u00f3culos Ray-Ban Meta ditou o fim dos \u201ctijolos na cara\u201d: o lan\u00e7amento do Quest 4 foi adiado para 2027 e o foco muda para dispositivos ultraleves com processamento externo, desenhados sob a al\u00e7ada de Alan Dye, ex-executivo da Apple recentemente contratado.<\/p>\n<p>Wall Street entre a euforia e o medo<\/p>\n<p>A resposta dos investidores a esta reestrutura\u00e7\u00e3o foi vol\u00e1til. Inicialmente, a not\u00edcia dos cortes no metaverso fez as a\u00e7\u00f5es da Meta dispararem mais de 4%, com Wall Street a celebrar o fim de uma \u201cdistra\u00e7\u00e3o dispendiosa\u201d. No entanto, o sentimento azedou esta quinta-feira, 11 de dezembro, com o mercado a recuar cerca de 1% ap\u00f3s a Oracle apresentar resultados dececionantes, devido aos custos de infraestrutura de IA.<\/p>\n<p>O medo dos investidores \u00e9 simples foi resumido pelo analista Craig Huber, da Huber Research: a mudan\u00e7a foi \u201cinteligente, mas tardia\u201d. Zuckerberg pode assim ter fechado a torneira do metaverso apenas para abrir outra, igualmente cara e incerta, na Intelig\u00eancia Artificial, tendo em conta a forte concorr\u00eancia e o atraso que a sua empresa enfrenta.<\/p>\n","protected":false},"excerpt":{"rendered":"A concorr\u00eancia enfrenta o mesmo muro. A Apple, com os seus \u00f3culos de realidade aumentada Vision Pro, debate-se&hellip;\n","protected":false},"author":2,"featured_media":187372,"comment_status":"","ping_status":"","sticky":false,"template":"","format":"standard","meta":{"footnotes":""},"categories":[83],"tags":[88,89,90,1169,933,9824,111,36744,32,33],"class_list":{"0":"post-187371","1":"post","2":"type-post","3":"status-publish","4":"format-standard","5":"has-post-thumbnail","7":"category-empresas","8":"tag-business","9":"tag-economy","10":"tag-empresas","11":"tag-facebook","12":"tag-inteligencia-artificial","13":"tag-mark-zuckerberg","14":"tag-meta","15":"tag-metaverso","16":"tag-portugal","17":"tag-pt"},"share_on_mastodon":{"url":"https:\/\/pubeurope.com\/@pt\/115715640183664435","error":""},"_links":{"self":[{"href":"https:\/\/www.europesays.com\/pt\/wp-json\/wp\/v2\/posts\/187371","targetHints":{"allow":["GET"]}}],"collection":[{"href":"https:\/\/www.europesays.com\/pt\/wp-json\/wp\/v2\/posts"}],"about":[{"href":"https:\/\/www.europesays.com\/pt\/wp-json\/wp\/v2\/types\/post"}],"author":[{"embeddable":true,"href":"https:\/\/www.europesays.com\/pt\/wp-json\/wp\/v2\/users\/2"}],"replies":[{"embeddable":true,"href":"https:\/\/www.europesays.com\/pt\/wp-json\/wp\/v2\/comments?post=187371"}],"version-history":[{"count":0,"href":"https:\/\/www.europesays.com\/pt\/wp-json\/wp\/v2\/posts\/187371\/revisions"}],"wp:featuredmedia":[{"embeddable":true,"href":"https:\/\/www.europesays.com\/pt\/wp-json\/wp\/v2\/media\/187372"}],"wp:attachment":[{"href":"https:\/\/www.europesays.com\/pt\/wp-json\/wp\/v2\/media?parent=187371"}],"wp:term":[{"taxonomy":"category","embeddable":true,"href":"https:\/\/www.europesays.com\/pt\/wp-json\/wp\/v2\/categories?post=187371"},{"taxonomy":"post_tag","embeddable":true,"href":"https:\/\/www.europesays.com\/pt\/wp-json\/wp\/v2\/tags?post=187371"}],"curies":[{"name":"wp","href":"https:\/\/api.w.org\/{rel}","templated":true}]}}