{"id":187379,"date":"2025-12-14T02:51:11","date_gmt":"2025-12-14T02:51:11","guid":{"rendered":"https:\/\/www.europesays.com\/pt\/187379\/"},"modified":"2025-12-14T02:51:11","modified_gmt":"2025-12-14T02:51:11","slug":"poliana-rocha-surpreende-e-manda-recado-para-mae-de-virginia-voce-e-2","status":"publish","type":"post","link":"https:\/\/www.europesays.com\/pt\/187379\/","title":{"rendered":"Poliana Rocha surpreende e manda recado para m\u00e3e de Virginia: &#8216;Voc\u00ea \u00e9&#8230;&#8217;"},"content":{"rendered":"<p>A influenciadora <strong>Poliana Rocha<\/strong> usou as redes sociais neste s\u00e1bado, 13\/12,\u00a0para celebrar o anivers\u00e1rio de <strong>Margareth Serr\u00e3o<\/strong>, m\u00e3e da ex-nora <strong>Virginia Fonseca<\/strong>. A famosa completou 60 anos de vida.<\/p>\n<p>No story do Instagram, a esposa do sertanejo <strong>Leonardo<\/strong> abriu o cora\u00e7\u00e3o e parabenizou Margareth. \u201cParab\u00e9ns! Que seu dia seja t\u00e3o especial quanto voc\u00ea. Que Deus aben\u00e7oe cada passo seu, enchendo sua vida de sa\u00fade, paz, amor e muitas alegrias\u201d, iniciou ela.<\/p>\n<p>E completou: \u201cVoc\u00ea \u00e9 uma pessoa querida, que transmite luz e carinho, e merece um ano inteiro de coisas lindas. Feliz anivers\u00e1rio!. Gosto muito de voc\u00ea, para sempre!!!\u201d.<\/p>\n<p> <img loading=\"lazy\" decoding=\"async\" class=\"wp-image-459519 size-large img-fluid lazy\" alt=\"Poliana Rocha surpreende e manda recado para m\u00e3e de Virginia\" width=\"258\" height=\"450\" src=\"https:\/\/www.europesays.com\/pt\/wp-content\/uploads\/2025\/12\/poliana-margareth-mae-virginia-258x450.jpg\"  \/>Poliana Rocha surpreende e manda recado para m\u00e3e de Virginia \u2013 Reprodu\u00e7\u00e3o\/ Instagram SBT se pronuncia sobre confus\u00e3o em festa com Virginia <\/p>\n<p>A manh\u00e3 desta quinta-feira, 11, nas redes sociais come\u00e7ou movimentada ap\u00f3s vir \u00e0 tona uma confus\u00e3o ocorrida durante a confraterniza\u00e7\u00e3o da equipe do Sabadou, programa apresentado por Virginia Fonseca no SBT. A repercuss\u00e3o foi imediata e a emissora se pronunciou sobre o caso.<\/p>\n<p>Apesar do clima festivo que se esperava, v\u00eddeos que circulam na internet mostram que o encontro terminou com discuss\u00f5es acaloradas entre fornecedores e membros da produ\u00e7\u00e3o. Nas imagens, um homem identificado como produtor tenta acalmar \u00e2nimos e conduzir a situa\u00e7\u00e3o, que teria se agravado ap\u00f3s um suposto descumprimento do acordo firmado para o evento.<\/p>\n<p>\u201cA assessoria de comunica\u00e7\u00e3o do SBT esclarece que as informa\u00e7\u00f5es divulgadas na imprensa e nas redes sociais a respeito da confraterniza\u00e7\u00e3o de fim de ano do \u2018Sabadou com Virg\u00ednia\u2019 n\u00e3o correspondem aos fatos\u201d, inicia a nota enviada \u00e0 imprensa.<\/p>\n<p>A assessoria ainda afirma que tudo o que foi acordado por parte da produ\u00e7\u00e3o do programa foi cumprido fielmente. \u201cNo entanto, cumpre esclarecer que o que foi prometido de forma unilateral pelo organizador do evento aos fornecedores \u00e9 responsabilidade exclusiva do organizador do evento\u201d.<\/p>\n<p>\u201cA fim de reparar qualquer mal-entendido, e, em nome da boa-f\u00e9 e em considera\u00e7\u00e3o ao esfor\u00e7o dos fornecedores, prontamente foi proposto o pagamento dos servi\u00e7os oferecidos por eles, e ainda, em paralelo, a produ\u00e7\u00e3o ofereceu aos fornecedores divulga\u00e7\u00e3o gratuita no Instagram do programa.\u00a0Ao fim das negocia\u00e7\u00f5es, todos os fornecedores puderam optar por uma dessas possibilidades\u201d, finaliza o comunicado.<\/p>\n<p>Leia tamb\u00e9m:<\/p>\n","protected":false},"excerpt":{"rendered":"A influenciadora Poliana Rocha usou as redes sociais neste s\u00e1bado, 13\/12,\u00a0para celebrar o anivers\u00e1rio de Margareth Serr\u00e3o, m\u00e3e&hellip;\n","protected":false},"author":2,"featured_media":187380,"comment_status":"","ping_status":"","sticky":false,"template":"","format":"standard","meta":{"footnotes":""},"categories":[145],"tags":[211,210,114,115,37970,5548,32,33,1446],"class_list":{"0":"post-187379","1":"post","2":"type-post","3":"status-publish","4":"format-standard","5":"has-post-thumbnail","7":"category-celebridades","8":"tag-celebridades","9":"tag-celebrities","10":"tag-entertainment","11":"tag-entretenimento","12":"tag-mae-de-virginia","13":"tag-poliana-rocha","14":"tag-portugal","15":"tag-pt","16":"tag-virginia-fonseca"},"share_on_mastodon":{"url":"https:\/\/pubeurope.com\/@pt\/115715656065144498","error":""},"_links":{"self":[{"href":"https:\/\/www.europesays.com\/pt\/wp-json\/wp\/v2\/posts\/187379","targetHints":{"allow":["GET"]}}],"collection":[{"href":"https:\/\/www.europesays.com\/pt\/wp-json\/wp\/v2\/posts"}],"about":[{"href":"https:\/\/www.europesays.com\/pt\/wp-json\/wp\/v2\/types\/post"}],"author":[{"embeddable":true,"href":"https:\/\/www.europesays.com\/pt\/wp-json\/wp\/v2\/users\/2"}],"replies":[{"embeddable":true,"href":"https:\/\/www.europesays.com\/pt\/wp-json\/wp\/v2\/comments?post=187379"}],"version-history":[{"count":0,"href":"https:\/\/www.europesays.com\/pt\/wp-json\/wp\/v2\/posts\/187379\/revisions"}],"wp:featuredmedia":[{"embeddable":true,"href":"https:\/\/www.europesays.com\/pt\/wp-json\/wp\/v2\/media\/187380"}],"wp:attachment":[{"href":"https:\/\/www.europesays.com\/pt\/wp-json\/wp\/v2\/media?parent=187379"}],"wp:term":[{"taxonomy":"category","embeddable":true,"href":"https:\/\/www.europesays.com\/pt\/wp-json\/wp\/v2\/categories?post=187379"},{"taxonomy":"post_tag","embeddable":true,"href":"https:\/\/www.europesays.com\/pt\/wp-json\/wp\/v2\/tags?post=187379"}],"curies":[{"name":"wp","href":"https:\/\/api.w.org\/{rel}","templated":true}]}}