{"id":187421,"date":"2025-12-14T04:06:26","date_gmt":"2025-12-14T04:06:26","guid":{"rendered":"https:\/\/www.europesays.com\/pt\/187421\/"},"modified":"2025-12-14T04:06:26","modified_gmt":"2025-12-14T04:06:26","slug":"arrancou-construcao-do-maior-parque-eolico-de-portugal","status":"publish","type":"post","link":"https:\/\/www.europesays.com\/pt\/187421\/","title":{"rendered":"Arrancou constru\u00e7\u00e3o do maior parque e\u00f3lico de Portugal"},"content":{"rendered":"<p data-remotead-prev-elm=\"true\" data-remotead-elm-id=\"inread\">O arranque da opera\u00e7\u00e3o de instala\u00e7\u00e3o est\u00e1 a cargo da Iberdrola que, em comunicado, informa que \u00e9 no T\u00e2mega que pretende instalar um parque com 38 aerogeradores, com capacidade de gerar uma produ\u00e7\u00e3o anual de 601 Kwh, suficiente para 128 mil habita\u00e7\u00f5es, ou o equivalente ao consumo de cidades como Braga e Guimar\u00e3es juntas.<\/p>\n<p>A operadora ib\u00e9rica considera que este ser\u00e1 o maior parque e\u00f3lico de Portugal, com um total de 274 Mw de pot\u00eancia para injetar numa rede h\u00edbrida, integrada na subesta\u00e7\u00e3o do sistema eletroprodutor do T\u00e2mega. Cada aerogerador ter\u00e1 capacidade de 7,2 Mw.<\/p>\n<p>Para a empresa, este \u00e9 um projeto pioneiro que permitir\u00e1 evitar mais de 230 mil toneladas de CO\u2082 por ano e refor\u00e7a a sua lideran\u00e7a na eletrifica\u00e7\u00e3o, al\u00e9m de contribuir para a independ\u00eancia energ\u00e9tica nacional e considerando ser tamb\u00e9m um contributo significativo para alcan\u00e7ar as metas do Plano Nacional de Energia e Clima.<\/p>\n<p data-remotead-prev-elm=\"true\" data-remotead-elm-id=\"centro1\">Formado pelos parques e\u00f3licos T\u00e2mega Norte e T\u00e2mega Sul, o projeto integra o acordo celebrado com o fundo soberano noruegu\u00eas, administrado pelo Norges Bank Investment Management. Al\u00e9m disso, contar\u00e1 com um contrato de fornecimento de longa dura\u00e7\u00e3o (PPA &#8211; Power Purchase Agreement).<\/p>\n<p>A hibridiza\u00e7\u00e3o das duas tecnologias permite que energia e\u00f3lica e h\u00eddrica partilhem a mesma infraestrutura de conex\u00e3o \u00e0 rede el\u00e9trica, reduzindo os custos da pr\u00f3pria infraestrutura de conex\u00e3o, acelerando a integra\u00e7\u00e3o renov\u00e1vel e minimizando o impacto ambiental. Refor\u00e7a ainda o papel do Sistema Eletroprodutor do T\u00e2mega, como \u00e2ncora da eletrifica\u00e7\u00e3o nacional.<\/p>\n<p>Localizado entre Braga e Vila Real, o parque ter\u00e1 38 estruturas Vestas EnVentus V172, aerogeradores considerados os maiores j\u00e1 desenvolvidos pela Vestas e o mais potente do mercado mundial de e\u00f3lica terrestre, com p\u00e1s de 85 metros e uma altura de torre de 114 metros.<\/p>\n<p data-remotead-prev-elm=\"true\" data-remotead-elm-id=\"centro2\">O projeto prev\u00ea um impacto econ\u00f3mico significativo, com a cria\u00e7\u00e3o de 700 empregos diretos no pico da constru\u00e7\u00e3o e envolvendo empresas portuguesas como CJR, Conduril, Socorpena, Painhas e Proef.<\/p>\n<p>Em comunicado, a Iberdrola adianta ainda que os componentes s\u00e3o fabricados em diferentes pa\u00edses da Europa, refor\u00e7ando a aposta na ind\u00fastria europeia e na inova\u00e7\u00e3o colaborativa. A constru\u00e7\u00e3o decorrer\u00e1 at\u00e9 ao terceiro trimestre de 2026, sendo que todo o material dos aerogeradores ser\u00e1 transportado at\u00e9 ao final do primeiro trimestre.<\/p>\n<p>Na pr\u00e1tica, mais de 110 p\u00e1s v\u00e3o sair do porto de Aveiro at\u00e9 \u00e0 zona de montagem e o transporte ser\u00e1 feito com recurso a um sistema de blade lifter, tecnologia pioneira na Europa e que permite realizar esta opera\u00e7\u00e3o de forma segura, por permitir rodar as p\u00e1s na vertical ou horizontal, atrav\u00e9s de um mecanismo hidr\u00e1ulico onde a p\u00e1 \u00e9 acoplada para transporte e que atinge inclina\u00e7\u00f5es de at\u00e9 60\u00ba.<\/p>\n<p data-remotead-prev-elm=\"true\" data-remotead-elm-id=\"centro3\">A prote\u00e7\u00e3o do ecossistema \u00e9 dada como uma prioridade na constru\u00e7\u00e3o deste parque e\u00f3lico, com o compromisso da empresa no acompanhamento ambiental permanente, com equipas de bi\u00f3logos e arque\u00f3logos, para aplicar boas pr\u00e1ticas e reduzir impactos durante as obras e ainda a promessa de uma monitoriza\u00e7\u00e3o cont\u00ednua da biodiversidade local, incluindo aves, morcegos e demais mam\u00edferos, flora e habitats, para identificar medidas adicionais e aprofundar o conhecimento cient\u00edfico da regi\u00e3o.<\/p>\n<p>A empresa assume ainda o compromisso com a implementa\u00e7\u00e3o de a\u00e7\u00f5es compensat\u00f3rias para melhorar os habitats e no final da obra. O &#8220;Plano de Recupera\u00e7\u00e3o Paisag\u00edstica vai assegurar a integra\u00e7\u00e3o harmoniosa do projeto no territ\u00f3rio e este compromisso inclui tamb\u00e9m medidas para minimizar inc\u00f3modos sociais, garantindo transpar\u00eancia e di\u00e1logo com as comunidades locais&#8221;.<\/p>\n<p>Este projeto refor\u00e7a a lideran\u00e7a da Iberdrola como maior investidor em energias renov\u00e1veis em Portugal nos \u00faltimos dez anos, com mais de 2,2 mil milh\u00f5es de euros investidos e mais de 1400 MW j\u00e1 instalados. A empresa \u00e9 hoje a maior utility da Europa e a segunda maior do mundo por capitaliza\u00e7\u00e3o bolsista, assumindo um papel central na eletrifica\u00e7\u00e3o e na promo\u00e7\u00e3o de solu\u00e7\u00f5es sustent\u00e1veis.<\/p>\n","protected":false},"excerpt":{"rendered":"O arranque da opera\u00e7\u00e3o de instala\u00e7\u00e3o est\u00e1 a cargo da Iberdrola que, em comunicado, informa que \u00e9 no&hellip;\n","protected":false},"author":2,"featured_media":187422,"comment_status":"","ping_status":"","sticky":false,"template":"","format":"standard","meta":{"footnotes":""},"categories":[83],"tags":[88,476,89,90,2270,32,33,2272],"class_list":{"0":"post-187421","1":"post","2":"type-post","3":"status-publish","4":"format-standard","5":"has-post-thumbnail","7":"category-empresas","8":"tag-business","9":"tag-economia","10":"tag-economy","11":"tag-empresas","12":"tag-energia","13":"tag-portugal","14":"tag-pt","15":"tag-renovaveis"},"share_on_mastodon":{"url":"https:\/\/pubeurope.com\/@pt\/115715950680360678","error":""},"_links":{"self":[{"href":"https:\/\/www.europesays.com\/pt\/wp-json\/wp\/v2\/posts\/187421","targetHints":{"allow":["GET"]}}],"collection":[{"href":"https:\/\/www.europesays.com\/pt\/wp-json\/wp\/v2\/posts"}],"about":[{"href":"https:\/\/www.europesays.com\/pt\/wp-json\/wp\/v2\/types\/post"}],"author":[{"embeddable":true,"href":"https:\/\/www.europesays.com\/pt\/wp-json\/wp\/v2\/users\/2"}],"replies":[{"embeddable":true,"href":"https:\/\/www.europesays.com\/pt\/wp-json\/wp\/v2\/comments?post=187421"}],"version-history":[{"count":0,"href":"https:\/\/www.europesays.com\/pt\/wp-json\/wp\/v2\/posts\/187421\/revisions"}],"wp:featuredmedia":[{"embeddable":true,"href":"https:\/\/www.europesays.com\/pt\/wp-json\/wp\/v2\/media\/187422"}],"wp:attachment":[{"href":"https:\/\/www.europesays.com\/pt\/wp-json\/wp\/v2\/media?parent=187421"}],"wp:term":[{"taxonomy":"category","embeddable":true,"href":"https:\/\/www.europesays.com\/pt\/wp-json\/wp\/v2\/categories?post=187421"},{"taxonomy":"post_tag","embeddable":true,"href":"https:\/\/www.europesays.com\/pt\/wp-json\/wp\/v2\/tags?post=187421"}],"curies":[{"name":"wp","href":"https:\/\/api.w.org\/{rel}","templated":true}]}}