{"id":187432,"date":"2025-12-14T04:30:28","date_gmt":"2025-12-14T04:30:28","guid":{"rendered":"https:\/\/www.europesays.com\/pt\/187432\/"},"modified":"2025-12-14T04:30:28","modified_gmt":"2025-12-14T04:30:28","slug":"rafa-silva-esta-fora-da-lista-de-convocados-do-besiktas","status":"publish","type":"post","link":"https:\/\/www.europesays.com\/pt\/187432\/","title":{"rendered":"Rafa Silva est\u00e1 fora da lista de convocados do Besiktas"},"content":{"rendered":"<p>Rafa Silva est\u00e1 fora dos convocados do Besiktas e, aparentemente, continua em rota de colis\u00e3o com o clube turco, depois das not\u00edcias dos \u00faltimos dias que davam conta de uma aproxima\u00e7\u00e3o entre as partes.<\/p>\n<p>O avan\u00e7ado portugu\u00eas de 32 anos est\u00e1 fora da lista para o jogo da equipa de Istambul frente ao Trabzonspor, a contar para a liga turca. Pelo contr\u00e1rio, o lateral David Jurasek, emprestado pelo Benfica, e o central internacional portugu\u00eas Tiago Djal\u00f3 (ex-FC Porto) fazem parte da lista do t\u00e9cnico Sergen Yal\u00e7in. De fora tamb\u00e9m, mas por les\u00e3o, est\u00e1 o tamb\u00e9m internacional portugu\u00eas Jota Silva.<\/p>\n<p>Rafa Silva recusou-se a treinar nas \u00faltimas semanas e estar\u00e1 a tentar for\u00e7ar a sa\u00edda do Besiktas, sendo o Benfica apontado como um destino poss\u00edvel j\u00e1 no mercado de inverno.<\/p>\n<blockquote class=\"twitter-tweet\">\n<p lang=\"tr\">\ud83d\udccb Trabzonspor ma\u00e7\u0131 kamp kadromuz. <a href=\"https:\/\/t.co\/Npid4ntjnS\" rel=\"nofollow\">pic.twitter.com\/Npid4ntjnS<\/a><\/p>\n<p> \u2014 Be\u015fikta\u015f JK (@Besiktas)<br \/>\n  <a href=\"https:\/\/twitter.com\/Besiktas\/status\/1999783364593897639?ref_src=twsrc%5Etfw\" rel=\"nofollow noopener\" target=\"_blank\">December 13, 2025<\/a>\n <\/p><\/blockquote>\n<p>                                <script async src=\"https:\/\/platform.twitter.com\/widgets.js\" charset=\"utf-8\"><\/script><\/p>\n","protected":false},"excerpt":{"rendered":"Rafa Silva est\u00e1 fora dos convocados do Besiktas e, aparentemente, continua em rota de colis\u00e3o com o clube&hellip;\n","protected":false},"author":2,"featured_media":187433,"comment_status":"","ping_status":"","sticky":false,"template":"","format":"standard","meta":{"footnotes":""},"categories":[87],"tags":[51,437,135,82,436,46,42,32,33,47,21749,134,35,2428],"class_list":{"0":"post-187432","1":"post","2":"type-post","3":"status-publish","4":"format-standard","5":"has-post-thumbnail","7":"category-desporto","8":"tag-benfica","9":"tag-besiktas","10":"tag-desporto","11":"tag-internacional","12":"tag-made-in","13":"tag-maisfutebol","14":"tag-mercado","15":"tag-portugal","16":"tag-pt","17":"tag-pura-paixao","18":"tag-rafa-silva","19":"tag-sports","20":"tag-transferencias","21":"tag-turquia"},"share_on_mastodon":{"url":"https:\/\/pubeurope.com\/@pt\/115716045510344880","error":""},"_links":{"self":[{"href":"https:\/\/www.europesays.com\/pt\/wp-json\/wp\/v2\/posts\/187432","targetHints":{"allow":["GET"]}}],"collection":[{"href":"https:\/\/www.europesays.com\/pt\/wp-json\/wp\/v2\/posts"}],"about":[{"href":"https:\/\/www.europesays.com\/pt\/wp-json\/wp\/v2\/types\/post"}],"author":[{"embeddable":true,"href":"https:\/\/www.europesays.com\/pt\/wp-json\/wp\/v2\/users\/2"}],"replies":[{"embeddable":true,"href":"https:\/\/www.europesays.com\/pt\/wp-json\/wp\/v2\/comments?post=187432"}],"version-history":[{"count":0,"href":"https:\/\/www.europesays.com\/pt\/wp-json\/wp\/v2\/posts\/187432\/revisions"}],"wp:featuredmedia":[{"embeddable":true,"href":"https:\/\/www.europesays.com\/pt\/wp-json\/wp\/v2\/media\/187433"}],"wp:attachment":[{"href":"https:\/\/www.europesays.com\/pt\/wp-json\/wp\/v2\/media?parent=187432"}],"wp:term":[{"taxonomy":"category","embeddable":true,"href":"https:\/\/www.europesays.com\/pt\/wp-json\/wp\/v2\/categories?post=187432"},{"taxonomy":"post_tag","embeddable":true,"href":"https:\/\/www.europesays.com\/pt\/wp-json\/wp\/v2\/tags?post=187432"}],"curies":[{"name":"wp","href":"https:\/\/api.w.org\/{rel}","templated":true}]}}