{"id":187444,"date":"2025-12-14T04:46:28","date_gmt":"2025-12-14T04:46:28","guid":{"rendered":"https:\/\/www.europesays.com\/pt\/187444\/"},"modified":"2025-12-14T04:46:28","modified_gmt":"2025-12-14T04:46:28","slug":"taylor-swift-chora-ao-recordar-ataque-em-inglaterra-que-matou-menina-portuguesa","status":"publish","type":"post","link":"https:\/\/www.europesays.com\/pt\/187444\/","title":{"rendered":"Taylor Swift chora ao recordar ataque em Inglaterra que matou menina portuguesa"},"content":{"rendered":"<p data-remotead-prev-elm=\"true\" data-remotead-elm-id=\"inread\">A <a href=\"https:\/\/www.jn.pt\/jn-tag\/artigo\/viagem-unica-a-eras-tour-de-taylor-swift-chega-ao-disney\/18029541\" target=\"_blank\" rel=\"nofollow noopener\">s\u00e9rie documental &#8220;The End of an Era&#8221;<\/a>, com seis epis\u00f3dios, mostra os bastidores da gigantesca digress\u00e3o mundial de Taylor Swift.<\/p>\n<p>No primeiro epis\u00f3dio, a artista aparece antes de se reunir com as fam\u00edlias das v\u00edtimas do ataque ocorrido em Southport, perto de Liverpool, no noroeste da Inglaterra. Tr\u00eas meninas, de seis, sete e nove anos, foram assassinadas e outras dez pessoas, entre elas oito crian\u00e7as, ficaram feridas. Uma das v\u00edtimas mortais <a href=\"https:\/\/www.jn.pt\/mundo\/artigo\/menina-portuguesa-de-nove-anos-morreu-no-ataque-a-faca-em-inglaterra\/17836433\" target=\"_blank\" rel=\"nofollow noopener\">era portuguesa<\/a>: Alice Aguiar tinha nove anos e era filha de um casal madeirense que vive em Sefton, em Merseyside. O ataque gerou grande como\u00e7\u00e3o no Reino Unido. O autor, Axel Rudakubana, que ent\u00e3o tinha 17 anos, foi condenado a 52 anos de pris\u00e3o.<\/p>\n<blockquote data-type=\"articles\" data-id=\"related-article-17836433\"><p>\n              <strong>Leia tamb\u00e9m <\/strong><br \/>\n              <a href=\"https:\/\/www.jn.pt\/mundo\/artigo\/menina-portuguesa-de-nove-anos-morreu-no-ataque-a-faca-em-inglaterra\/17836433\" rel=\"nofollow noopener\" target=\"_blank\">Menina portuguesa de nove anos morreu no ataque \u00e0 faca em Inglaterra<\/a>\n            <\/p><\/blockquote>\n<p data-remotead-prev-elm=\"true\" data-remotead-elm-id=\"centro1\">&#8220;Foi um ataque horr\u00edvel&#8221;, conta a estrela no document\u00e1rio, chorando, antes de se reunir com os familiares das v\u00edtimas e atuar no est\u00e1dio de Wembley, em Londres, em agosto de 2024. &#8220;Vou reunir-me com algumas destas fam\u00edlias e fazer um concerto&#8221;, diz. &#8220;Vai dar tudo certo, porque quando eu as vir, n\u00e3o vou chorar. Juro por Deus, n\u00e3o o vou fazer&#8221;, continua, enquanto seca as l\u00e1grimas.<\/p>\n<p>Ap\u00f3s o encontro, a cantora volta a aparecer, abatida, nos bra\u00e7os da m\u00e3e, que tenta consol\u00e1-la. &#8220;Ao n\u00edvel mental, muitas vezes vivo numa realidade que n\u00e3o tem nada de real&#8221;, confessa Taylor Swift no document\u00e1rio exibido na Disney+. &#8220;Mas o meu trabalho consiste em gerir todas estas emo\u00e7\u00f5es e depois recompor-me imediatamente para subir ao palco. \u00c9 assim que tem de ser&#8221;.<\/p>\n<p>Ap\u00f3s o encontro, a cantora sobe ao palco para dar um espet\u00e1culo de tr\u00eas horas e meia.<\/p>\n<p>Taylor Swift tamb\u00e9m fala, no document\u00e1rio, do <a href=\"https:\/\/www.jn.pt\/cultura\/artigo\/cancelados-concertos-de-taylor-swift-em-viena-apos-ameaca-de-ataque-terrorista\/17832161\" target=\"_blank\" rel=\"nofollow noopener\">cancelamento de tr\u00eas dos seus concertos em Viena <\/a>devido \u00e0 descoberta de planos de um atentado terrorista. &#8220;Ter medo de que algo aconte\u00e7a aos meus f\u00e3s \u00e9 algo novo&#8221;, lamentou Taylor Swift, em declara\u00e7\u00f5es obtidas pela BBC, durante a estreia do document\u00e1rio em Nova Iorque.<\/p>\n","protected":false},"excerpt":{"rendered":"A s\u00e9rie documental &#8220;The End of an Era&#8221;, com seis epis\u00f3dios, mostra os bastidores da gigantesca digress\u00e3o mundial&hellip;\n","protected":false},"author":2,"featured_media":187445,"comment_status":"","ping_status":"","sticky":false,"template":"","format":"standard","meta":{"footnotes":""},"categories":[85],"tags":[114,115,32,33,1973],"class_list":{"0":"post-187444","1":"post","2":"type-post","3":"status-publish","4":"format-standard","5":"has-post-thumbnail","7":"category-entretenimento","8":"tag-entertainment","9":"tag-entretenimento","10":"tag-portugal","11":"tag-pt","12":"tag-taylor-swift"},"share_on_mastodon":{"url":"https:\/\/pubeurope.com\/@pt\/115716107990672668","error":""},"_links":{"self":[{"href":"https:\/\/www.europesays.com\/pt\/wp-json\/wp\/v2\/posts\/187444","targetHints":{"allow":["GET"]}}],"collection":[{"href":"https:\/\/www.europesays.com\/pt\/wp-json\/wp\/v2\/posts"}],"about":[{"href":"https:\/\/www.europesays.com\/pt\/wp-json\/wp\/v2\/types\/post"}],"author":[{"embeddable":true,"href":"https:\/\/www.europesays.com\/pt\/wp-json\/wp\/v2\/users\/2"}],"replies":[{"embeddable":true,"href":"https:\/\/www.europesays.com\/pt\/wp-json\/wp\/v2\/comments?post=187444"}],"version-history":[{"count":0,"href":"https:\/\/www.europesays.com\/pt\/wp-json\/wp\/v2\/posts\/187444\/revisions"}],"wp:featuredmedia":[{"embeddable":true,"href":"https:\/\/www.europesays.com\/pt\/wp-json\/wp\/v2\/media\/187445"}],"wp:attachment":[{"href":"https:\/\/www.europesays.com\/pt\/wp-json\/wp\/v2\/media?parent=187444"}],"wp:term":[{"taxonomy":"category","embeddable":true,"href":"https:\/\/www.europesays.com\/pt\/wp-json\/wp\/v2\/categories?post=187444"},{"taxonomy":"post_tag","embeddable":true,"href":"https:\/\/www.europesays.com\/pt\/wp-json\/wp\/v2\/tags?post=187444"}],"curies":[{"name":"wp","href":"https:\/\/api.w.org\/{rel}","templated":true}]}}