{"id":187453,"date":"2025-12-14T05:06:12","date_gmt":"2025-12-14T05:06:12","guid":{"rendered":"https:\/\/www.europesays.com\/pt\/187453\/"},"modified":"2025-12-14T05:06:12","modified_gmt":"2025-12-14T05:06:12","slug":"globo-articula-contratar-ticiane-pinheiro-apos-saida-da-record-diz-colunista-zoeira","status":"publish","type":"post","link":"https:\/\/www.europesays.com\/pt\/187453\/","title":{"rendered":"Globo articula contratar Ticiane Pinheiro ap\u00f3s sa\u00edda da Record, diz colunista &#8211; Zoeira"},"content":{"rendered":"<p>A Globo est\u00e1 estruturando um pacote de atra\u00e7\u00f5es para tentar contratar a apresentadora Ticiane Pinheiro ap\u00f3s o fim de seu v\u00ednculo com a Record, onde trabalhou por duas d\u00e9cadas. As informa\u00e7\u00f5es s\u00e3o do colunista Gabriel Vaquer. A proposta seguiria um modelo semelhante ao oferecido a Eliana, que deixou o SBT em 2024.<\/p>\n<p>De acordo com a apura\u00e7\u00e3o, a ideia envolve uma participa\u00e7\u00e3o em atra\u00e7\u00f5es da TV aberta e o desenvolvimento de um projeto no GNT, canal feminino da emissora, que j\u00e1 demonstrava interesse no nome da apresentadora h\u00e1 algum tempo. O bom desempenho comercial de Ticiane tamb\u00e9m pesa a favor da negocia\u00e7\u00e3o.<\/p>\n<p><a href=\"https:\/\/diariodonordeste.verdesmares.com.br\/entretenimento\/zoeira\/ticiane-pinheiro-sai-da-record-apos-semanas-de-negociacao-1.3717008\" rel=\"nofollow noopener\" target=\"_blank\">O contrato da apresentadora com a Record se encerra em 31 de dezembro<\/a>, mas ela ainda aparecer\u00e1 no \u201cHoje em Dia\u201d at\u00e9 o in\u00edcio de janeiro, por conta de programas gravados previamente. Essas edi\u00e7\u00f5es incluem a\u00e7\u00f5es de merchandising j\u00e1 vendidas, que precisam ser cumpridas.<\/p>\n<p>A rela\u00e7\u00e3o entre Ticiane e a Record \u00e9 descrita como positiva. Tanto que a emissora liberou a apresentadora para participar da vinheta de fim de ano da Globo ao lado de C\u00e9sar Tralli. Em nota oficial, a Record afirmou que a sa\u00edda ocorreu em comum acordo e desejou sucesso \u00e0 apresentadora.<\/p>\n<p>\t\t\t\tVeja tamb\u00e9m<\/p>\n<p>No Hoje em Dia desde 2015, Ticiane decidiu deixar a emissora ap\u00f3s a promo\u00e7\u00e3o de C\u00e9sar Tralli, seu marido, na Globo, onde passou a integrar a bancada do Jornal Nacional. A apresentadora deve se mudar para o Rio de Janeiro a partir de janeiro, acompanhada das duas filhas.<\/p>\n<p>Contratada pela Record desde 2005, Ticiane iniciou a trajet\u00f3ria como atriz na novela \u201cCidad\u00e3o Brasileiro\u201d (2006), participou do reality \u201cSimple Life: Mudando de Vida\u201d (2007) e comandou o \u201cPrograma da Tarde\u201d entre 2012 e 2015.<\/p>\n","protected":false},"excerpt":{"rendered":"A Globo est\u00e1 estruturando um pacote de atra\u00e7\u00f5es para tentar contratar a apresentadora Ticiane Pinheiro ap\u00f3s o fim&hellip;\n","protected":false},"author":2,"featured_media":187454,"comment_status":"","ping_status":"","sticky":false,"template":"","format":"standard","meta":{"footnotes":""},"categories":[145],"tags":[2397,211,210,114,115,32,33],"class_list":{"0":"post-187453","1":"post","2":"type-post","3":"status-publish","4":"format-standard","5":"has-post-thumbnail","7":"category-celebridades","8":"tag-artes-cultura-e-entretenimento","9":"tag-celebridades","10":"tag-celebrities","11":"tag-entertainment","12":"tag-entretenimento","13":"tag-portugal","14":"tag-pt"},"share_on_mastodon":{"url":"https:\/\/pubeurope.com\/@pt\/115716186583653250","error":""},"_links":{"self":[{"href":"https:\/\/www.europesays.com\/pt\/wp-json\/wp\/v2\/posts\/187453","targetHints":{"allow":["GET"]}}],"collection":[{"href":"https:\/\/www.europesays.com\/pt\/wp-json\/wp\/v2\/posts"}],"about":[{"href":"https:\/\/www.europesays.com\/pt\/wp-json\/wp\/v2\/types\/post"}],"author":[{"embeddable":true,"href":"https:\/\/www.europesays.com\/pt\/wp-json\/wp\/v2\/users\/2"}],"replies":[{"embeddable":true,"href":"https:\/\/www.europesays.com\/pt\/wp-json\/wp\/v2\/comments?post=187453"}],"version-history":[{"count":0,"href":"https:\/\/www.europesays.com\/pt\/wp-json\/wp\/v2\/posts\/187453\/revisions"}],"wp:featuredmedia":[{"embeddable":true,"href":"https:\/\/www.europesays.com\/pt\/wp-json\/wp\/v2\/media\/187454"}],"wp:attachment":[{"href":"https:\/\/www.europesays.com\/pt\/wp-json\/wp\/v2\/media?parent=187453"}],"wp:term":[{"taxonomy":"category","embeddable":true,"href":"https:\/\/www.europesays.com\/pt\/wp-json\/wp\/v2\/categories?post=187453"},{"taxonomy":"post_tag","embeddable":true,"href":"https:\/\/www.europesays.com\/pt\/wp-json\/wp\/v2\/tags?post=187453"}],"curies":[{"name":"wp","href":"https:\/\/api.w.org\/{rel}","templated":true}]}}