{"id":187475,"date":"2025-12-14T05:36:09","date_gmt":"2025-12-14T05:36:09","guid":{"rendered":"https:\/\/www.europesays.com\/pt\/187475\/"},"modified":"2025-12-14T05:36:09","modified_gmt":"2025-12-14T05:36:09","slug":"eua-dois-mortos-e-varios-feridos-em-ataque-a-tiro-numa-universidade-em-rhode-island-eua","status":"publish","type":"post","link":"https:\/\/www.europesays.com\/pt\/187475\/","title":{"rendered":"EUA: dois mortos e v\u00e1rios feridos em ataque a tiro numa universidade em Rhode Island | EUA"},"content":{"rendered":"<p>Pelo menos duas pessoas morreram e oito ficaram feridas com gravidade neste s\u00e1bado na sequ\u00eancia de um ataque a tiro na Universidade de Brown, em Providence, no estado norte-americano de Rhode Island. O autor dos disparos ainda n\u00e3o foi detido nem \u00e9, para j\u00e1, conhecida a sua identidade, de acordo com as autoridades.<\/p>\n<p>A Universidade de Brown, que pertence \u00e0 lista restrita de <a href=\"https:\/\/www.publico.pt\/2011\/04\/06\/jornal\/como-se-faz-uma-universidade-de-elite-21553866\" rel=\"nofollow noopener\" target=\"_blank\">universidades de elite<\/a> norte-americanas (Ivy League), informou \u00e0s 17h10 (22h10 em Portugal continental) que esta \u00e9 uma situa\u00e7\u00e3o activa, com o autor dos disparos ainda \u00e0 solta. As autoridades adiantaram ter detido um suspeito, mas este acabou por ser libertado ap\u00f3s interrogat\u00f3rio, n\u00e3o estando envolvido no incidente.<\/p>\n<p>Em confer\u00eancia de imprensa, o presidente da c\u00e2mara de Providence, Brett Smiley, disse que os disparos foram feitos no edif\u00edcio Barus &amp; Holley, que alberga a Escola de Engenharia e o Departamento de F\u00edsica da Universidade de Brown. O edif\u00edcio ter\u00e1 v\u00e1rias divis\u00f5es amplas, estilo open space, sendo composto maioritariamente por v\u00e1rias salas de aula e laborat\u00f3rios. <\/p>\n<p>O ataque aconteceu em plena \u00e9poca de exames na universidade, n\u00e3o se sabendo ainda quem foram as pessoas alvejadas nem o local exacto da ocorr\u00eancia dentro do edif\u00edcio.<\/p>\n<p>&#8220;Houve v\u00e1rias pessoas alvejadas&#8221;, disse \u00e0s autoridades <a href=\"https:\/\/www.linkedin.com\/in\/kdosreis\" target=\"_blank\" rel=\"nofollow noopener\">Kristy dosReis<\/a>, directora de informa\u00e7\u00e3o da cidade de Providence para a seguran\u00e7a p\u00fablica. &#8220;Continua a ser uma investiga\u00e7\u00e3o activa e pedimos \u00e0s pessoas que se mantenham abrigadas.&#8221;<\/p>\n<p>Os primeiros n\u00fameros oficiais adiantados falam em duas v\u00edtimas mortais e oito feridos em &#8220;estado cr\u00edtico, mas est\u00e1vel&#8221;. Estas s\u00e3o, para j\u00e1, as \u00fanicas v\u00edtimas conhecidas do ataque, mas as autoridades sublinharam que os n\u00fameros revelados s\u00e3o &#8220;preliminares&#8221;. Meios de comunica\u00e7\u00f5es nas imedia\u00e7\u00f5es do edif\u00edcio relatam um cen\u00e1rio com dezenas de ambul\u00e2ncias e outros meios de emerg\u00eancia m\u00e9dica no local.<\/p>\n<p>Timothy O&#8217;Hara, subchefe da pol\u00edcia de Providence, adiantou que, sobre o suspeito, s\u00f3 se sabe ser um homem vestido de preto. As for\u00e7as policiais n\u00e3o sabem como o indiv\u00edduo entrou no edif\u00edcio, mas a investiga\u00e7\u00e3o j\u00e1 permitiu saber que fugiu &#8220;a p\u00e9&#8221; pela rua Street. As autoridades pediram tamb\u00e9m que qualquer pessoa com informa\u00e7\u00f5es sobre o incidente contacte as autoridades, especialmente alunos que estivessem no campus da Universidade de Brown.<\/p>\n<p>Na reac\u00e7\u00e3o a mais um tiroteio num estabelecimento de ensino nos Estados Unidos, o governador do estado de Rhode Island, Daniel McKee, disse que &#8220;o impens\u00e1vel aconteceu&#8221;. McKee disse estar em contacto com a Casa Branca e garantiu que ir\u00e1 disponibilizar &#8220;todos os recursos dispon\u00edveis&#8221; para a investiga\u00e7\u00e3o. No local est\u00e3o tamb\u00e9m equipas dos departamentos de Boston <a href=\"https:\/\/x.com\/FBIBoston\/status\/1999976695818846531\" target=\"_blank\" rel=\"nofollow\">do FBI<\/a> e da Ag\u00eancia de \u00c1lcool, Tabaco, Armas de Fogo e Explosivos (<a href=\"https:\/\/x.com\/ATFBoston\/status\/1999974588424614021\" target=\"_blank\" rel=\"nofollow\">ATF<\/a>).<\/p>\n<p>O Presidente dos Estados Unidos, Donald Trump, confirmou ter sido informado pela Universidade de Brown acerca da &#8220;trag\u00e9dia&#8221;, lamentando a situa\u00e7\u00e3o. <strong>com Reuters<\/strong><\/p>\n","protected":false},"excerpt":{"rendered":"Pelo menos duas pessoas morreram e oito ficaram feridas com gravidade neste s\u00e1bado na sequ\u00eancia de um ataque&hellip;\n","protected":false},"author":2,"featured_media":187476,"comment_status":"","ping_status":"","sticky":false,"template":"","format":"standard","meta":{"footnotes":""},"categories":[8],"tags":[27,28,604,353,235,413,15,16,14,25,26,21,22,62,12,13,19,20,32,23,24,33,17,18,29,30,31],"class_list":{"0":"post-187475","1":"post","2":"type-post","3":"status-publish","4":"format-standard","5":"has-post-thumbnail","7":"category-principais-noticias","8":"tag-breaking-news","9":"tag-breakingnews","10":"tag-crime","11":"tag-em-destaque","12":"tag-estados-unidos","13":"tag-eua","14":"tag-featured-news","15":"tag-featurednews","16":"tag-headlines","17":"tag-latest-news","18":"tag-latestnews","19":"tag-main-news","20":"tag-mainnews","21":"tag-mundo","22":"tag-news","23":"tag-noticias","24":"tag-noticias-principais","25":"tag-noticiasprincipais","26":"tag-portugal","27":"tag-principais-noticias","28":"tag-principaisnoticias","29":"tag-pt","30":"tag-top-stories","31":"tag-topstories","32":"tag-ultimas","33":"tag-ultimas-noticias","34":"tag-ultimasnoticias"},"share_on_mastodon":{"url":"https:\/\/pubeurope.com\/@pt\/115716305160580307","error":""},"_links":{"self":[{"href":"https:\/\/www.europesays.com\/pt\/wp-json\/wp\/v2\/posts\/187475","targetHints":{"allow":["GET"]}}],"collection":[{"href":"https:\/\/www.europesays.com\/pt\/wp-json\/wp\/v2\/posts"}],"about":[{"href":"https:\/\/www.europesays.com\/pt\/wp-json\/wp\/v2\/types\/post"}],"author":[{"embeddable":true,"href":"https:\/\/www.europesays.com\/pt\/wp-json\/wp\/v2\/users\/2"}],"replies":[{"embeddable":true,"href":"https:\/\/www.europesays.com\/pt\/wp-json\/wp\/v2\/comments?post=187475"}],"version-history":[{"count":0,"href":"https:\/\/www.europesays.com\/pt\/wp-json\/wp\/v2\/posts\/187475\/revisions"}],"wp:featuredmedia":[{"embeddable":true,"href":"https:\/\/www.europesays.com\/pt\/wp-json\/wp\/v2\/media\/187476"}],"wp:attachment":[{"href":"https:\/\/www.europesays.com\/pt\/wp-json\/wp\/v2\/media?parent=187475"}],"wp:term":[{"taxonomy":"category","embeddable":true,"href":"https:\/\/www.europesays.com\/pt\/wp-json\/wp\/v2\/categories?post=187475"},{"taxonomy":"post_tag","embeddable":true,"href":"https:\/\/www.europesays.com\/pt\/wp-json\/wp\/v2\/tags?post=187475"}],"curies":[{"name":"wp","href":"https:\/\/api.w.org\/{rel}","templated":true}]}}