{"id":187493,"date":"2025-12-14T06:01:30","date_gmt":"2025-12-14T06:01:30","guid":{"rendered":"https:\/\/www.europesays.com\/pt\/187493\/"},"modified":"2025-12-14T06:01:30","modified_gmt":"2025-12-14T06:01:30","slug":"sentenced-to-be-a-hero-anime-ganha-novo-trailer-e-data-de-estreia","status":"publish","type":"post","link":"https:\/\/www.europesays.com\/pt\/187493\/","title":{"rendered":"Sentenced to Be a Hero | Anime ganha novo trailer e data de estreia"},"content":{"rendered":"<p class=\"wp-block-yoast-seo-estimated-reading-time yoast-reading-time__wrapper\">Estimated reading time: 2 minutos<\/p>\n<p>A <strong>Kadokawa<\/strong> divulgou o trailer oficial da adapta\u00e7\u00e3o em anime de <a href=\"https:\/\/ovicio.com.br\/tag\/sentenced-to-be-a-hero\/\" rel=\"nofollow noopener\" target=\"_blank\">Sentenced to Be a Hero<\/a>\u00a0(Y\u016bsha-kei ni Shosu: Ch\u014dbatsu Y\u016bsha 9004-tai Keimu Kiroku), anunciando a data de estreia na TV japonesa para <strong>3 de janeiro<\/strong>.<\/p>\n<p>O v\u00eddeo promocional ainda apresenta novas adi\u00e7\u00f5es ao elenco de vozes original e pr\u00e9via do tema de abertura &#8220;Kill the Noise&#8221;, interpretada por <strong>SPYAIR<\/strong>.<\/p>\n<p><strong>Y\u016bichi Nakamura<\/strong> (voz de Andy em Undead Unluck) ir\u00e1 dublar Rhyno, enquanto<strong> Saori \u014cnishi<\/strong> (voz de Amaryllis em Dr. STONE) dar\u00e1 voz a Frenci Mastibolt.<\/p>\n<p>Juntamente com o trailer foi divulgado um novo p\u00f4ster de loca\u00e7\u00e3o, destacando a Floresta Couveunge. Confira abaixo:<\/p>\n<p><img fetchpriority=\"high\" decoding=\"async\" width=\"724\" height=\"1024\" src=\"https:\/\/www.europesays.com\/pt\/wp-content\/uploads\/2025\/12\/20251213-sentenced-to-be-a-hero-poster-ovicio-724x1024.webp.webp\" alt=\"Novo p\u00f4ster de Sentenced to Be a Hero\" class=\"lazyload wp-image-873393\"  data-\/>\u00a92024 Rocket Shokai\/KADOKAWA\/Projeto Sentenced to Be a Hero<\/p>\n<p>A adpta\u00e7\u00e3o da s\u00e9rie de\u00a0light novels\u00a0criada por criada por\u00a0<strong>Rocket Shokai<\/strong>\u00a0e com arte de <strong>MEPHISTO<\/strong> havia sido anunciada pela\u00a0Kadokawa durante o <strong>Anime Japan 2024<\/strong>. O <strong>Studio KAI<\/strong>\u00a0(Fuuto Pi, Captain Tsubasa: Junior Youth Arc) \u00e9 respons\u00e1vel pela anima\u00e7\u00e3o.<\/p>\n<p>Do que se trata a hist\u00f3ria?<\/p>\n<p>Hero\u00edsmo, uma puni\u00e7\u00e3o para os piores criminosos. Aqueles condenados ao destino de her\u00f3i s\u00e3o for\u00e7ados lutar na linha de frente contra o ex\u00e9rcito de rei dem\u00f4nio e, caso morram, podem esperar ser revividos para continuar a batalha. Mas quando o l\u00edder, condenado pelo assassinato de uma deusa, conhece outra deusa, eles firmam um contrato capaz de mudar o mundo&#8230;<\/p>\n<p>Leia mais sobre Sentenced to Be a Hero:<\/p>\n<p><strong>Fonte:<\/strong> <a href=\"https:\/\/yushakei-pj.com\/news\/20251213_01\/\" target=\"_blank\" rel=\"noreferrer noopener nofollow\">Site oficial<\/a><\/p>\n","protected":false},"excerpt":{"rendered":"Estimated reading time: 2 minutos A Kadokawa divulgou o trailer oficial da adapta\u00e7\u00e3o em anime de Sentenced to&hellip;\n","protected":false},"author":2,"featured_media":187494,"comment_status":"","ping_status":"","sticky":false,"template":"","format":"standard","meta":{"footnotes":""},"categories":[140],"tags":[114,115,147,148,37994,146,32,33,37995],"class_list":{"0":"post-187493","1":"post","2":"type-post","3":"status-publish","4":"format-standard","5":"has-post-thumbnail","7":"category-filmes","8":"tag-entertainment","9":"tag-entretenimento","10":"tag-film","11":"tag-filmes","12":"tag-kadokawa","13":"tag-movies","14":"tag-portugal","15":"tag-pt","16":"tag-sentenced-to-be-a-hero"},"share_on_mastodon":{"url":"https:\/\/pubeurope.com\/@pt\/115716403279204000","error":""},"_links":{"self":[{"href":"https:\/\/www.europesays.com\/pt\/wp-json\/wp\/v2\/posts\/187493","targetHints":{"allow":["GET"]}}],"collection":[{"href":"https:\/\/www.europesays.com\/pt\/wp-json\/wp\/v2\/posts"}],"about":[{"href":"https:\/\/www.europesays.com\/pt\/wp-json\/wp\/v2\/types\/post"}],"author":[{"embeddable":true,"href":"https:\/\/www.europesays.com\/pt\/wp-json\/wp\/v2\/users\/2"}],"replies":[{"embeddable":true,"href":"https:\/\/www.europesays.com\/pt\/wp-json\/wp\/v2\/comments?post=187493"}],"version-history":[{"count":0,"href":"https:\/\/www.europesays.com\/pt\/wp-json\/wp\/v2\/posts\/187493\/revisions"}],"wp:featuredmedia":[{"embeddable":true,"href":"https:\/\/www.europesays.com\/pt\/wp-json\/wp\/v2\/media\/187494"}],"wp:attachment":[{"href":"https:\/\/www.europesays.com\/pt\/wp-json\/wp\/v2\/media?parent=187493"}],"wp:term":[{"taxonomy":"category","embeddable":true,"href":"https:\/\/www.europesays.com\/pt\/wp-json\/wp\/v2\/categories?post=187493"},{"taxonomy":"post_tag","embeddable":true,"href":"https:\/\/www.europesays.com\/pt\/wp-json\/wp\/v2\/tags?post=187493"}],"curies":[{"name":"wp","href":"https:\/\/api.w.org\/{rel}","templated":true}]}}