{"id":187508,"date":"2025-12-14T06:25:19","date_gmt":"2025-12-14T06:25:19","guid":{"rendered":"https:\/\/www.europesays.com\/pt\/187508\/"},"modified":"2025-12-14T06:25:19","modified_gmt":"2025-12-14T06:25:19","slug":"ator-peter-greene-encontrado-morto","status":"publish","type":"post","link":"https:\/\/www.europesays.com\/pt\/187508\/","title":{"rendered":"Ator Peter Greene encontrado morto"},"content":{"rendered":"<p><a href=\"https:\/\/cnnportugal.iol.pt\/peter-greene\/morte\/morreu-o-ator-peter-greene\/20251213\/693d3b08d34e2bd5c6d50e3f\" target=\"_blank\" rel=\"nofollow noopener\">De acordo com o site da CNN Portugal<\/a>, Peter Greene, ator norte-americano conhecido por desempenhar pap\u00e9is de vil\u00e3o em filmes, como &#8220;Pulp Fiction&#8221; e &#8220;A M\u00e1scara&#8221;, morreu aos 60 anos.<\/p>\n<p>O ator foi encontrado morto no respetivo apartamento em Nova Iorque na passada sexta-feira, dia 12, tal confirmou o agente de Peter Greene. A causa da morte n\u00e3o foi revelada.<\/p>\n<p>Peter Greene foi elogiado pelos v\u00e1rios vil\u00f5es e criminosos que interpretou ao longo do percurso profissional. &#8220;Ningu\u00e9m interpretava um vil\u00e3o melhor do que Peter&#8221;, garantiu o empres\u00e1rio Gregg Edwards, citado pela CNN Portugal. &#8220;Mas ele tamb\u00e9m tinha um lado gentil que a maioria das pessoas nunca viu, e um cora\u00e7\u00e3o grande como ouro&#8221;, acrescentou Gregg Edwards.<\/p>\n","protected":false},"excerpt":{"rendered":"De acordo com o site da CNN Portugal, Peter Greene, ator norte-americano conhecido por desempenhar pap\u00e9is de vil\u00e3o&hellip;\n","protected":false},"author":2,"featured_media":187509,"comment_status":"","ping_status":"","sticky":false,"template":"","format":"standard","meta":{"footnotes":""},"categories":[145],"tags":[1244,211,210,114,115,980,82,16628,35720,37872,32,33,1012],"class_list":{"0":"post-187508","1":"post","2":"type-post","3":"status-publish","4":"format-standard","5":"has-post-thumbnail","7":"category-celebridades","8":"tag-ator","9":"tag-celebridades","10":"tag-celebrities","11":"tag-entertainment","12":"tag-entretenimento","13":"tag-famosos","14":"tag-internacional","15":"tag-mortes-2025","16":"tag-obitos-2025","17":"tag-peter-greene","18":"tag-portugal","19":"tag-pt","20":"tag-selfie"},"share_on_mastodon":{"url":"https:\/\/pubeurope.com\/@pt\/115716497357745046","error":""},"_links":{"self":[{"href":"https:\/\/www.europesays.com\/pt\/wp-json\/wp\/v2\/posts\/187508","targetHints":{"allow":["GET"]}}],"collection":[{"href":"https:\/\/www.europesays.com\/pt\/wp-json\/wp\/v2\/posts"}],"about":[{"href":"https:\/\/www.europesays.com\/pt\/wp-json\/wp\/v2\/types\/post"}],"author":[{"embeddable":true,"href":"https:\/\/www.europesays.com\/pt\/wp-json\/wp\/v2\/users\/2"}],"replies":[{"embeddable":true,"href":"https:\/\/www.europesays.com\/pt\/wp-json\/wp\/v2\/comments?post=187508"}],"version-history":[{"count":0,"href":"https:\/\/www.europesays.com\/pt\/wp-json\/wp\/v2\/posts\/187508\/revisions"}],"wp:featuredmedia":[{"embeddable":true,"href":"https:\/\/www.europesays.com\/pt\/wp-json\/wp\/v2\/media\/187509"}],"wp:attachment":[{"href":"https:\/\/www.europesays.com\/pt\/wp-json\/wp\/v2\/media?parent=187508"}],"wp:term":[{"taxonomy":"category","embeddable":true,"href":"https:\/\/www.europesays.com\/pt\/wp-json\/wp\/v2\/categories?post=187508"},{"taxonomy":"post_tag","embeddable":true,"href":"https:\/\/www.europesays.com\/pt\/wp-json\/wp\/v2\/tags?post=187508"}],"curies":[{"name":"wp","href":"https:\/\/api.w.org\/{rel}","templated":true}]}}