{"id":187510,"date":"2025-12-14T06:29:07","date_gmt":"2025-12-14T06:29:07","guid":{"rendered":"https:\/\/www.europesays.com\/pt\/187510\/"},"modified":"2025-12-14T06:29:07","modified_gmt":"2025-12-14T06:29:07","slug":"hilariante-pedro-e-marisa-fazem-danca-viral-do-tik-tok-para-os-filhos-verem-secret-story","status":"publish","type":"post","link":"https:\/\/www.europesays.com\/pt\/187510\/","title":{"rendered":"Hilariante! Pedro e Marisa fazem dan\u00e7a viral do Tik Tok para os filhos verem &#8211; Secret Story"},"content":{"rendered":"<p>No Secret Story 9, Marisa e Pedro dan\u00e7am a famosa e viral dan\u00e7a do Babyshark&#8230; e tudo para que os filhos os possam ver em casa! Veja tudo.\u00a0<\/p>\n<p><strong>Esta semana, h\u00e1 tr\u00eas concorrentes em risco de expuls\u00e3o. Pode votar na APP oficial do TVI reality ou atrav\u00e9s das linhas telef\u00f3nicas.<\/strong><\/p>\n<p>VOTE PARA SALVAR:<\/p>\n<p>ANA \u2013 761 20 20 01<\/p>\n<p>IN\u00caS \u2013 761 20 20 10<\/p>\n<p>LILIANA \u2013 761 20 20 14<\/p>\n<p><a href=\"https:\/\/tvi.iol.pt\/secretstory\/aominuto\" rel=\"nofollow noopener\" target=\"_blank\">Veja aqui tudo o que se passa na casa do Secret Story 9\u00a0<\/a><\/p>\n","protected":false},"excerpt":{"rendered":"No Secret Story 9, Marisa e Pedro dan\u00e7am a famosa e viral dan\u00e7a do Babyshark&#8230; e tudo para&hellip;\n","protected":false},"author":2,"featured_media":187511,"comment_status":"","ping_status":"","sticky":false,"template":"","format":"standard","meta":{"footnotes":""},"categories":[142],"tags":[114,115,19184,18800,14646,32,33,151,162,18801],"class_list":{"0":"post-187510","1":"post","2":"type-post","3":"status-publish","4":"format-standard","5":"has-post-thumbnail","7":"category-tv","8":"tag-entertainment","9":"tag-entretenimento","10":"tag-marisa","11":"tag-momentos-virais-secret-story","12":"tag-pedro","13":"tag-portugal","14":"tag-pt","15":"tag-tv","16":"tag-tvi","17":"tag-videos-virais-concorrentes"},"share_on_mastodon":{"url":"https:\/\/pubeurope.com\/@pt\/115716513056720833","error":""},"_links":{"self":[{"href":"https:\/\/www.europesays.com\/pt\/wp-json\/wp\/v2\/posts\/187510","targetHints":{"allow":["GET"]}}],"collection":[{"href":"https:\/\/www.europesays.com\/pt\/wp-json\/wp\/v2\/posts"}],"about":[{"href":"https:\/\/www.europesays.com\/pt\/wp-json\/wp\/v2\/types\/post"}],"author":[{"embeddable":true,"href":"https:\/\/www.europesays.com\/pt\/wp-json\/wp\/v2\/users\/2"}],"replies":[{"embeddable":true,"href":"https:\/\/www.europesays.com\/pt\/wp-json\/wp\/v2\/comments?post=187510"}],"version-history":[{"count":0,"href":"https:\/\/www.europesays.com\/pt\/wp-json\/wp\/v2\/posts\/187510\/revisions"}],"wp:featuredmedia":[{"embeddable":true,"href":"https:\/\/www.europesays.com\/pt\/wp-json\/wp\/v2\/media\/187511"}],"wp:attachment":[{"href":"https:\/\/www.europesays.com\/pt\/wp-json\/wp\/v2\/media?parent=187510"}],"wp:term":[{"taxonomy":"category","embeddable":true,"href":"https:\/\/www.europesays.com\/pt\/wp-json\/wp\/v2\/categories?post=187510"},{"taxonomy":"post_tag","embeddable":true,"href":"https:\/\/www.europesays.com\/pt\/wp-json\/wp\/v2\/tags?post=187510"}],"curies":[{"name":"wp","href":"https:\/\/api.w.org\/{rel}","templated":true}]}}