{"id":187512,"date":"2025-12-14T06:31:17","date_gmt":"2025-12-14T06:31:17","guid":{"rendered":"https:\/\/www.europesays.com\/pt\/187512\/"},"modified":"2025-12-14T06:31:17","modified_gmt":"2025-12-14T06:31:17","slug":"james-cameron-se-coloca-a-disposicao-para-trabalhar-em-godzilla-minus-zero","status":"publish","type":"post","link":"https:\/\/www.europesays.com\/pt\/187512\/","title":{"rendered":"James Cameron se coloca \u00e0 disposi\u00e7\u00e3o para trabalhar em Godzilla Minus Zero"},"content":{"rendered":"<p class=\"wp-block-yoast-seo-estimated-reading-time yoast-reading-time__wrapper\">Estimated reading time: 2 minutos<\/p>\n<p>O diretor <strong>James Cameron<\/strong> \u00e9 um grande f\u00e3 de <a href=\"https:\/\/ovicio.com.br\/tag\/godzilla-minus-one\" rel=\"nofollow noopener\" target=\"_blank\">Godzilla Minus One<\/a>. Tanto que ele gostaria de trabalhar na sequ\u00eancia, <strong>Godzilla Minus Zero<\/strong>.<\/p>\n<p>Em uma recente conversa com o cineasta japon\u00eas <strong>Takashi Yamazaki<\/strong>, Cameron se colocou \u00e0 disposi\u00e7\u00e3o para trabalhar na continua\u00e7\u00e3o.<\/p>\n<p><strong>&#8220;Se voc\u00ea me der um pouco de espa\u00e7o, eu posso vir e trabalhar como diretor de segunda unidade&#8221;<\/strong>, disse Cameron.<\/p>\n<p>Enquanto Cameron provavelmente estava s\u00f3 brincando, ele realmente \u00e9 um grande f\u00e3 da franquia japonesa do <strong>Godzilla<\/strong>, principalmente de seu filme mais recente.<\/p>\n<p><strong>James Cameron<\/strong> atualmente promove <strong>Avatar: Fogo e Cinzas<\/strong>, que estreia no Brasil em 18 de dezembro.<\/p>\n<p>J\u00e1 <strong>Godzilla Minus Zero<\/strong>, a sequ\u00eancia de <strong>Godzilla Minus One<\/strong>, ainda n\u00e3o conta com uma data de lan\u00e7amento oficial.<\/p>\n<p>Leia tamb\u00e9m sobre Godzilla:<\/p>\n","protected":false},"excerpt":{"rendered":"Estimated reading time: 2 minutos O diretor James Cameron \u00e9 um grande f\u00e3 de Godzilla Minus One. Tanto&hellip;\n","protected":false},"author":2,"featured_media":187513,"comment_status":"","ping_status":"","sticky":false,"template":"","format":"standard","meta":{"footnotes":""},"categories":[140],"tags":[114,115,147,148,37999,38000,38001,7328,146,32,33],"class_list":{"0":"post-187512","1":"post","2":"type-post","3":"status-publish","4":"format-standard","5":"has-post-thumbnail","7":"category-filmes","8":"tag-entertainment","9":"tag-entretenimento","10":"tag-film","11":"tag-filmes","12":"tag-godzilla","13":"tag-godzilla-minus-one","14":"tag-godzilla-minus-zero","15":"tag-james-cameron","16":"tag-movies","17":"tag-portugal","18":"tag-pt"},"share_on_mastodon":{"url":"https:\/\/pubeurope.com\/@pt\/115716521093534395","error":""},"_links":{"self":[{"href":"https:\/\/www.europesays.com\/pt\/wp-json\/wp\/v2\/posts\/187512","targetHints":{"allow":["GET"]}}],"collection":[{"href":"https:\/\/www.europesays.com\/pt\/wp-json\/wp\/v2\/posts"}],"about":[{"href":"https:\/\/www.europesays.com\/pt\/wp-json\/wp\/v2\/types\/post"}],"author":[{"embeddable":true,"href":"https:\/\/www.europesays.com\/pt\/wp-json\/wp\/v2\/users\/2"}],"replies":[{"embeddable":true,"href":"https:\/\/www.europesays.com\/pt\/wp-json\/wp\/v2\/comments?post=187512"}],"version-history":[{"count":0,"href":"https:\/\/www.europesays.com\/pt\/wp-json\/wp\/v2\/posts\/187512\/revisions"}],"wp:featuredmedia":[{"embeddable":true,"href":"https:\/\/www.europesays.com\/pt\/wp-json\/wp\/v2\/media\/187513"}],"wp:attachment":[{"href":"https:\/\/www.europesays.com\/pt\/wp-json\/wp\/v2\/media?parent=187512"}],"wp:term":[{"taxonomy":"category","embeddable":true,"href":"https:\/\/www.europesays.com\/pt\/wp-json\/wp\/v2\/categories?post=187512"},{"taxonomy":"post_tag","embeddable":true,"href":"https:\/\/www.europesays.com\/pt\/wp-json\/wp\/v2\/tags?post=187512"}],"curies":[{"name":"wp","href":"https:\/\/api.w.org\/{rel}","templated":true}]}}