{"id":187518,"date":"2025-12-14T06:37:15","date_gmt":"2025-12-14T06:37:15","guid":{"rendered":"https:\/\/www.europesays.com\/pt\/187518\/"},"modified":"2025-12-14T06:37:15","modified_gmt":"2025-12-14T06:37:15","slug":"nobel-da-paz-ales-bialiatski-e-lider-da-oposicao-maria-kalesnikava-entre-123-prisioneiros-libertados-pela-bielorrussia","status":"publish","type":"post","link":"https:\/\/www.europesays.com\/pt\/187518\/","title":{"rendered":"Nobel da Paz Ales Bialiatski e l\u00edder da oposi\u00e7\u00e3o Maria\u00a0Kalesnikava entre 123 prisioneiros libertados pela Bielorr\u00fassia"},"content":{"rendered":"<p>\t                O laureado de 2022 estava detido h\u00e1 mais de cinco anos. Entre os prisioneiros libertados est\u00e1 tamb\u00e9m a\u00a0pol\u00edtica da oposi\u00e7\u00e3o Maria\u00a0Kalesnikava Neste momento j\u00e1 est\u00e3o na Litu\u00e2nia e na Ucr\u00e2nia<\/p>\n<p>O Pr\u00e9mio Nobel da Paz<a href=\"http:\/\/cnnportugal.iol.pt\/nobel\/nobel-da-paz\/nobel-da-paz-para-o-bielorrusso-ales-bialiatski-uma-associacao-russa-e-outra-ucraniana\/20221007\/633fb30f0cf2f9a86eb94691\" target=\"_blank\" rel=\"nofollow noopener\">\u00a0Ales Bialiatski <\/a>e oito outros prisioneiros est\u00e3o j\u00e1 na Litu\u00e2nia depois de\u00a0terem sido libertados pela Bielorr\u00fassia este s\u00e1bado, enquanto um grupo de 114 prisioneiros foi\u00a0para a Ucr\u00e2nia, informou a ag\u00eancia Reuters.<\/p>\n<p>Os ativistas bielorrussos Ales Bialiatski, Nobel da Paz 2022, e Maria Kolesnikova est\u00e3o entre os 123 prisioneiros libertados por ordem do presidente Aleksandr\u00a0Lukashenko, em troca do levantamento de san\u00e7\u00f5es norte-americanas contra a Bielorr\u00fassia, nomeadamente ao setor do pot\u00e1ssio, no mais recente sinal de al\u00edvio das rela\u00e7\u00f5es entre Washington e a isolada autocracia.\u00a0A Bielorr\u00fassia \u00e9 um\u00a0grande produtor de pot\u00e1ssio, um componente essencial dos fertilizantes.\u00a0<\/p>\n<p>Ales Bialiatski foi laureado com o Pr\u00e9mio Nobel da Paz em 2022 a par das organiza\u00e7\u00f5es de defesa dos direitos humanos Memorial (russa) e do Centro para as Liberdades Civis (ucraniana). Com estes laureados, o Comit\u00e9\u00a0Nobel da Noruega quis &#8220;homenagear tr\u00eas destacados defensores dos direitos humanos, da democracia e da coexist\u00eancia pac\u00edfica nos pa\u00edses vizinhos Bielorr\u00fassia, R\u00fassia e Ucr\u00e2nia&#8221;.<\/p>\n<p>Ales Bialiatski foi um dos iniciadores do movimento democr\u00e1tico que surgiu na Bielorr\u00fassia em meados da d\u00e9cada de 1980 e dedicou a sua vida a promover a democracia e o desenvolvimento pac\u00edfico no\u00a0pa\u00eds. Fundou a organiza\u00e7\u00e3o Viasna (Primavera), em 1996. A Viasna evoluiu para uma ampla organiza\u00e7\u00e3o de direitos humanos que documenta\u00a0e protesta\u00a0contra o uso de tortura pelas autoridades em presos pol\u00edticos. As autoridades governamentais tentaram repetidamente silenciar Ales Bialiatski. Na altura em que foi galardoado com o Nobel, estava detido h\u00e1 dois anos sem julgamento. &#8220;Apesar das enormes dificuldades pessoais, Bialiatski n\u00e3o cedeu um cent\u00edmetro na sua luta pelos direitos humanos e pela democracia na Bielorr\u00fassia&#8221;,\u00a0sublinhava o Comit\u00e9.<\/p>\n<p>Os indultados s\u00e3o oriundos de v\u00e1rios pa\u00edses e\u00a0foram condenados por crimes como espionagem, terrorismo e\u00a0extremismo.\u00a0Entre os prisioneiros libertados est\u00e1 tamb\u00e9m a\u00a0pol\u00edtica da oposi\u00e7\u00e3o Maria\u00a0Kalesnikava, depois de ter cumprido\u00a0mais de cinco anos de pris\u00e3o.\u00a0Kalesnikova foi coordenadora da campanha de Viktor Babariko, um banqueiro que se tornou pol\u00edtico da oposi\u00e7\u00e3o e que desafiou Lukashenko nas elei\u00e7\u00f5es presidenciais de 2020.<\/p>\n<p>Tatsiana Khomich, a irm\u00e3 de Kalesnikava, disse que tinha falado com ela e que Kalesnikava parecia estar bem e que agora estava em liberdade, informa o Kyiv Independent. \u201cH\u00e1 muito tempo que sab\u00edamos da poss\u00edvel liberta\u00e7\u00e3o\u201d, disse Khomich aos jornalistas. &#8220;Mas, como vimos recentemente, bem como no m\u00eas passado, era sempre uma esp\u00e9cie de surpresa quem era libertado. E, claro, eu n\u00e3o podia acreditar at\u00e9 agora&#8221;. Neste momento,\u00a0Maria\u00a0Kalesnikava j\u00e1 est\u00e1 na Ucr\u00e2nia. O presidente Volodymyr Zelensky anunciou j\u00e1 ter falado com a ativista.<\/p>\n<p>  <img loading=\"lazy\" decoding=\"async\" alt=\"\" height=\"450\" src=\"https:\/\/www.europesays.com\/pt\/wp-content\/uploads\/2025\/12\/1765694235_907_600.webp\" width=\"600\"\/> <\/p>\n<p>    Maria Kalesnikova, figura da oposi\u00e7\u00e3o bielorrussa, ap\u00f3s ter sido libertada da pris\u00e3o na Bielorr\u00fassia em 13 de dezembro de 2025. (DR\/ Servi\u00e7o de informa\u00e7\u00f5es militares da Ucr\u00e2nia) <\/p>\n<p>O centro de coordena\u00e7\u00e3o de prisioneiros de guerra de Kiev recebeu prisioneiros ucranianos acusados de trabalhar para os servi\u00e7os secretos ucranianos\u00a0<br \/>e prisioneiros pol\u00edticos bielorrussos. Todos ir\u00e3o receber cuidados m\u00e9dicos e os cidad\u00e3os bielorrussos que o desejassem\u00a0seriam posteriormente transportados para a Pol\u00f3nia ou a Litu\u00e2nia.<br \/>\u00a0<br \/>O centro publicou fotografias que parecem mostrar os prisioneiros libertados\u00a0a entrar num autocarro, com alguns deles a sorrir e\u00a0a abra\u00e7arem-se.\u00a0<\/p>\n<p>O enviado especial dos EUA para a Bielorr\u00fassia, John Coale reuniu-se na sexta-feira e hoje com o l\u00edder autorit\u00e1rio do pa\u00eds, Alexander Lukashenko, para conversa\u00e7\u00f5es na capital bielorrussa, Minsk. Aliada pr\u00f3xima da R\u00fassia, a Bielorr\u00fassia enfrenta h\u00e1 anos isolamento e san\u00e7\u00f5es ocidentais.<\/p>\n<p>&#8220;De acordo com os acordos alcan\u00e7ados com o presidente dos Estados Unidos, Donald Trump, e a seu pedido, relativos ao levantamento das san\u00e7\u00f5es ilegais contra a ind\u00fastria bielorrussa da potassa impostas pela administra\u00e7\u00e3o do ex-presidente dos EUA [Joe] Biden (&#8230;) o chefe de Estado decidiu perdoar 123 cidad\u00e3os de diferentes pa\u00edses condenados ao abrigo das leis da Rep\u00fablica da Bielorr\u00fassia por v\u00e1rios crimes, incluindo espionagem, terrorismo e atividades extremistas&#8221;, anunciou a presid\u00eancia bielorrussa.<\/p>\n<p>&#8220;\u00c0 medida que as rela\u00e7\u00f5es entre os dois pa\u00edses se normalizam, cada vez mais san\u00e7\u00f5es ser\u00e3o levantadas&#8221;, disse, por seu lado, John Coale.<\/p>\n","protected":false},"excerpt":{"rendered":"O laureado de 2022 estava detido h\u00e1 mais de cinco anos. Entre os prisioneiros libertados est\u00e1 tamb\u00e9m a\u00a0pol\u00edtica&hellip;\n","protected":false},"author":2,"featured_media":187519,"comment_status":"","ping_status":"","sticky":false,"template":"","format":"standard","meta":{"footnotes":""},"categories":[50],"tags":[609,37948,836,611,2870,27,28,607,608,333,832,604,135,610,476,413,15,16,301,830,14,603,25,26,570,21,22,831,833,62,834,12,13,19,20,835,602,52,32,37094,23,24,17,18,29,30,31,63,64,65],"class_list":{"0":"post-187518","1":"post","2":"type-post","3":"status-publish","4":"format-standard","5":"has-post-thumbnail","7":"category-mundo","8":"tag-alerta","9":"tag-ales-bialiatski","10":"tag-analise","11":"tag-ao-minuto","12":"tag-bielorrussia","13":"tag-breaking-news","14":"tag-breakingnews","15":"tag-cnn","16":"tag-cnn-portugal","17":"tag-comentadores","18":"tag-costa","19":"tag-crime","20":"tag-desporto","21":"tag-direto","22":"tag-economia","23":"tag-eua","24":"tag-featured-news","25":"tag-featurednews","26":"tag-governo","27":"tag-guerra","28":"tag-headlines","29":"tag-justica","30":"tag-latest-news","31":"tag-latestnews","32":"tag-live","33":"tag-main-news","34":"tag-mainnews","35":"tag-mais-vistas","36":"tag-marcelo","37":"tag-mundo","38":"tag-negocios","39":"tag-news","40":"tag-noticias","41":"tag-noticias-principais","42":"tag-noticiasprincipais","43":"tag-opiniao","44":"tag-pais","45":"tag-politica","46":"tag-portugal","47":"tag-premio-nobel-da-paz","48":"tag-principais-noticias","49":"tag-principaisnoticias","50":"tag-top-stories","51":"tag-topstories","52":"tag-ultimas","53":"tag-ultimas-noticias","54":"tag-ultimasnoticias","55":"tag-world","56":"tag-world-news","57":"tag-worldnews"},"share_on_mastodon":{"url":"","error":"Validation failed: Text character limit of 500 exceeded"},"_links":{"self":[{"href":"https:\/\/www.europesays.com\/pt\/wp-json\/wp\/v2\/posts\/187518","targetHints":{"allow":["GET"]}}],"collection":[{"href":"https:\/\/www.europesays.com\/pt\/wp-json\/wp\/v2\/posts"}],"about":[{"href":"https:\/\/www.europesays.com\/pt\/wp-json\/wp\/v2\/types\/post"}],"author":[{"embeddable":true,"href":"https:\/\/www.europesays.com\/pt\/wp-json\/wp\/v2\/users\/2"}],"replies":[{"embeddable":true,"href":"https:\/\/www.europesays.com\/pt\/wp-json\/wp\/v2\/comments?post=187518"}],"version-history":[{"count":0,"href":"https:\/\/www.europesays.com\/pt\/wp-json\/wp\/v2\/posts\/187518\/revisions"}],"wp:featuredmedia":[{"embeddable":true,"href":"https:\/\/www.europesays.com\/pt\/wp-json\/wp\/v2\/media\/187519"}],"wp:attachment":[{"href":"https:\/\/www.europesays.com\/pt\/wp-json\/wp\/v2\/media?parent=187518"}],"wp:term":[{"taxonomy":"category","embeddable":true,"href":"https:\/\/www.europesays.com\/pt\/wp-json\/wp\/v2\/categories?post=187518"},{"taxonomy":"post_tag","embeddable":true,"href":"https:\/\/www.europesays.com\/pt\/wp-json\/wp\/v2\/tags?post=187518"}],"curies":[{"name":"wp","href":"https:\/\/api.w.org\/{rel}","templated":true}]}}