{"id":187552,"date":"2025-12-14T07:24:29","date_gmt":"2025-12-14T07:24:29","guid":{"rendered":"https:\/\/www.europesays.com\/pt\/187552\/"},"modified":"2025-12-14T07:24:29","modified_gmt":"2025-12-14T07:24:29","slug":"trump-lanca-cartao-dourado-de-um-milhao-de-dolares-para-conceder-autorizacoes-de-residencia-nos-eua","status":"publish","type":"post","link":"https:\/\/www.europesays.com\/pt\/187552\/","title":{"rendered":"Trump lan\u00e7a &#8220;cart\u00e3o dourado&#8221; de um milh\u00e3o de d\u00f3lares para conceder autoriza\u00e7\u00f5es de resid\u00eancia nos EUA"},"content":{"rendered":"<p>O presidente norte-americano Donald Trump lan\u00e7ou esta sexta-feira, 12 de dezembro, o processamento acelerado de autoriza\u00e7\u00f5es de resid\u00eancia nos Estados Unidos a \u201cpessoas qualificadas e verificadas\u201d por um milh\u00e3o de d\u00f3lares (mais de 852 mil euros, ao c\u00e2mbio atual).<\/p>\n<p><strong>\u201cO cart\u00e3o dourado Trump do Governo dos Estados Unidos j\u00e1 est\u00e1 aqui\u201d<\/strong>, assinalou o chefe de Estado nas redes sociais, segundo a ag\u00eancia de not\u00edcias espanhola Europa Press.<\/p>\n<p>Trump descreveu o programa como \u201cum caminho direto para a cidadania para todas as pessoas qualificadas e verificadas\u201d.<\/p>\n<p>A Casa Branca (presid\u00eancia) explicou que em troca de um milh\u00e3o de d\u00f3lares e de mais 15 mil d\u00f3lares em despesas de processamento, os requerentes entrar\u00e3o num processo acelerado para receber a resid\u00eancia \u201cem tempo recorde\u201d.<\/p>\n<p>No momento do an\u00fancio inicial da iniciativa, em fevereiro, o secret\u00e1rio do Com\u00e9rcio, Howard Lutnick, afirmou que o visto dourado funcionaria como substituto do visto EB-5 reservado a investidores estrangeiros.<\/p>\n<p>O \u2018site\u2019 do Governo para requerer a nova autoriza\u00e7\u00e3o de resid\u00eancia tem o nome de Trump (https:\/\/trumpcard.gov\/) e convida a \u201cdesbloquear a vida na Am\u00e9rica\u201d.<\/p>\n<p>Surge depois um \u201ccart\u00e3o dourado\u201d com imagens da cara de Trump, da est\u00e1tua da Liberdade e de uma \u00e1guia, com a assinatura do 45.\u00ba e 47.\u00ba Presidente dos Estados Unidos.<\/p>\n<p>\u201cO Trump Gold Card \u00e9 um visto baseado na capacidade de um indiv\u00edduo de proporcionar um benef\u00edcio substancial aos Estados Unidos\u201d, l\u00ea-se no \u2018site\u2019.<\/p>\n<p>Al\u00e9m do \u201ccart\u00e3o dourado\u201d, tamb\u00e9m foram abertas inscri\u00e7\u00f5es para o \u201ccart\u00e3o platina\u201d, que custar\u00e1 cinco milh\u00f5es de d\u00f3lares (4,2 milh\u00f5es de euros), al\u00e9m dos 15 mil d\u00f3lares da taxa de processamento do Departamento de Seguran\u00e7a Interna.<\/p>\n<p>A vantagem \u00e9 que os estrangeiros que comprarem o Trump de platina \u201cter\u00e3o a possibilidade de passar at\u00e9 270 dias nos Estados Unidos sem estarem sujeitos aos impostos americanos sobre rendimentos n\u00e3o americanos\u201d.<\/p>\n","protected":false},"excerpt":{"rendered":"O presidente norte-americano Donald Trump lan\u00e7ou esta sexta-feira, 12 de dezembro, o processamento acelerado de autoriza\u00e7\u00f5es de resid\u00eancia&hellip;\n","protected":false},"author":2,"featured_media":187553,"comment_status":"","ping_status":"","sticky":false,"template":"","format":"standard","meta":{"footnotes":""},"categories":[50],"tags":[27,28,92,413,15,16,14,25,26,21,22,62,12,13,19,20,23,24,17,18,29,30,31,63,64,65],"class_list":{"0":"post-187552","1":"post","2":"type-post","3":"status-publish","4":"format-standard","5":"has-post-thumbnail","7":"category-mundo","8":"tag-breaking-news","9":"tag-breakingnews","10":"tag-donald-trump","11":"tag-eua","12":"tag-featured-news","13":"tag-featurednews","14":"tag-headlines","15":"tag-latest-news","16":"tag-latestnews","17":"tag-main-news","18":"tag-mainnews","19":"tag-mundo","20":"tag-news","21":"tag-noticias","22":"tag-noticias-principais","23":"tag-noticiasprincipais","24":"tag-principais-noticias","25":"tag-principaisnoticias","26":"tag-top-stories","27":"tag-topstories","28":"tag-ultimas","29":"tag-ultimas-noticias","30":"tag-ultimasnoticias","31":"tag-world","32":"tag-world-news","33":"tag-worldnews"},"share_on_mastodon":{"url":"https:\/\/pubeurope.com\/@pt\/115716729288981286","error":""},"_links":{"self":[{"href":"https:\/\/www.europesays.com\/pt\/wp-json\/wp\/v2\/posts\/187552","targetHints":{"allow":["GET"]}}],"collection":[{"href":"https:\/\/www.europesays.com\/pt\/wp-json\/wp\/v2\/posts"}],"about":[{"href":"https:\/\/www.europesays.com\/pt\/wp-json\/wp\/v2\/types\/post"}],"author":[{"embeddable":true,"href":"https:\/\/www.europesays.com\/pt\/wp-json\/wp\/v2\/users\/2"}],"replies":[{"embeddable":true,"href":"https:\/\/www.europesays.com\/pt\/wp-json\/wp\/v2\/comments?post=187552"}],"version-history":[{"count":0,"href":"https:\/\/www.europesays.com\/pt\/wp-json\/wp\/v2\/posts\/187552\/revisions"}],"wp:featuredmedia":[{"embeddable":true,"href":"https:\/\/www.europesays.com\/pt\/wp-json\/wp\/v2\/media\/187553"}],"wp:attachment":[{"href":"https:\/\/www.europesays.com\/pt\/wp-json\/wp\/v2\/media?parent=187552"}],"wp:term":[{"taxonomy":"category","embeddable":true,"href":"https:\/\/www.europesays.com\/pt\/wp-json\/wp\/v2\/categories?post=187552"},{"taxonomy":"post_tag","embeddable":true,"href":"https:\/\/www.europesays.com\/pt\/wp-json\/wp\/v2\/tags?post=187552"}],"curies":[{"name":"wp","href":"https:\/\/api.w.org\/{rel}","templated":true}]}}