{"id":187594,"date":"2025-12-14T08:32:10","date_gmt":"2025-12-14T08:32:10","guid":{"rendered":"https:\/\/www.europesays.com\/pt\/187594\/"},"modified":"2025-12-14T08:32:10","modified_gmt":"2025-12-14T08:32:10","slug":"filha-de-sandrina-pratas-protagoniza-sessao-fotografica-o-inesperado-acontece-e-a-mae-reage-hoje-descobri","status":"publish","type":"post","link":"https:\/\/www.europesays.com\/pt\/187594\/","title":{"rendered":"Filha de Sandrina Pratas protagoniza sess\u00e3o fotogr\u00e1fica, o inesperado acontece e a m\u00e3e reage: &#8220;Hoje descobri&#8230;&#8221;"},"content":{"rendered":"<p><a href=\"https:\/\/selfie.iol.pt\/famosos\/big-brother\/sandrina-pratas-descobre-problema-de-saude-da-filha-ainda-estou-a-processar-tudo\/20251119\/691dd4c9d34e3caad84b73fe\" target=\"_blank\" rel=\"nofollow noopener\">A par de um ou outro desabafo sobre a filha<\/a>, Sandrina Pratas tamb\u00e9m recorre ao Instagram para partilhar momentos divertidos protagonizados pela pequena Ariel.<\/p>\n<p>Foi o que aconteceu, mais uma vez, recentemente. &#8220;Sess\u00e3o fotogr\u00e1fica da minha filha. Hoje descobri que a minha filha n\u00e3o foi fazer fotos\u2026 Foi fazer um treino&#8221;, come\u00e7ou por referir a finalista do &#8220;<a href=\"https:\/\/tvi.iol.pt\/bigbrother\/\" target=\"_blank\" rel=\"nofollow noopener\">Big Brother<\/a> 2020&#8243; na legenda de um v\u00eddeo que regista essa sess\u00e3o fotogr\u00e1fica fora do normal.<\/p>\n<p>&#8220;Ningu\u00e9m dava conta dela &#8211; a nossa Cl\u00e1udia perdida, eu perdida\u2026 E o pai? O pai pediu time out ao fim de cinco minutos&#8221;, acrescentou, concluindo: &#8220;A criatura correu, saltou, virou modelo, atriz e ninja ao mesmo tempo! No fim, as fotos ficaram um caos organizado\u2026 mas uma coisa \u00e9 certa: ela domina o est\u00fadio. N\u00f3s s\u00f3 tentamos sobreviver.&#8221;<\/p>\n<p>Veja, agora, o v\u00eddeo. E n\u00e3o deixe de espreitar algumas das melhores imagens de Sandrina Pratas nas galerias de fotografias que prepar\u00e1mos para si.<\/p>\n<blockquote class=\"instagram-media\" data-instgrm-captioned=\"\" data-instgrm-permalink=\"https:\/\/www.instagram.com\/reel\/DRhbm84iNky\/?utm_source=ig_embed&amp;utm_campaign=loading\" data-instgrm-version=\"14\" style=\" background:#FFF; border:0; border-radius:3px; box-shadow:0 0 1px 0 rgba(0,0,0,0.5),0 1px 10px 0 rgba(0,0,0,0.15); margin: 1px; max-width:540px; min-width:326px; padding:0; width:99.375%; width:-webkit-calc(100% - 2px); width:calc(100% - 2px);\">\n<\/blockquote>\n<p>                        <script async src=\"\/\/www.instagram.com\/embed.js\"><\/script><\/p>\n","protected":false},"excerpt":{"rendered":"A par de um ou outro desabafo sobre a filha, Sandrina Pratas tamb\u00e9m recorre ao Instagram para partilhar&hellip;\n","protected":false},"author":2,"featured_media":187595,"comment_status":"","ping_status":"","sticky":false,"template":"","format":"standard","meta":{"footnotes":""},"categories":[142],"tags":[48,2632,114,115,981,980,1870,1015,619,32,33,1014,2161,1315,1012,151,162],"class_list":{"0":"post-187594","1":"post","2":"type-post","3":"status-publish","4":"format-standard","5":"has-post-thumbnail","7":"category-tv","8":"tag-big-brother","9":"tag-casa-dos-segredos","10":"tag-entertainment","11":"tag-entretenimento","12":"tag-familia","13":"tag-famosos","14":"tag-filhos","15":"tag-instagram","16":"tag-nacional","17":"tag-portugal","18":"tag-pt","19":"tag-reality-show","20":"tag-sandrina-pratas","21":"tag-secret-story","22":"tag-selfie","23":"tag-tv","24":"tag-tvi"},"share_on_mastodon":{"url":"https:\/\/pubeurope.com\/@pt\/115716996675205894","error":""},"_links":{"self":[{"href":"https:\/\/www.europesays.com\/pt\/wp-json\/wp\/v2\/posts\/187594","targetHints":{"allow":["GET"]}}],"collection":[{"href":"https:\/\/www.europesays.com\/pt\/wp-json\/wp\/v2\/posts"}],"about":[{"href":"https:\/\/www.europesays.com\/pt\/wp-json\/wp\/v2\/types\/post"}],"author":[{"embeddable":true,"href":"https:\/\/www.europesays.com\/pt\/wp-json\/wp\/v2\/users\/2"}],"replies":[{"embeddable":true,"href":"https:\/\/www.europesays.com\/pt\/wp-json\/wp\/v2\/comments?post=187594"}],"version-history":[{"count":0,"href":"https:\/\/www.europesays.com\/pt\/wp-json\/wp\/v2\/posts\/187594\/revisions"}],"wp:featuredmedia":[{"embeddable":true,"href":"https:\/\/www.europesays.com\/pt\/wp-json\/wp\/v2\/media\/187595"}],"wp:attachment":[{"href":"https:\/\/www.europesays.com\/pt\/wp-json\/wp\/v2\/media?parent=187594"}],"wp:term":[{"taxonomy":"category","embeddable":true,"href":"https:\/\/www.europesays.com\/pt\/wp-json\/wp\/v2\/categories?post=187594"},{"taxonomy":"post_tag","embeddable":true,"href":"https:\/\/www.europesays.com\/pt\/wp-json\/wp\/v2\/tags?post=187594"}],"curies":[{"name":"wp","href":"https:\/\/api.w.org\/{rel}","templated":true}]}}