{"id":187606,"date":"2025-12-14T08:44:07","date_gmt":"2025-12-14T08:44:07","guid":{"rendered":"https:\/\/www.europesays.com\/pt\/187606\/"},"modified":"2025-12-14T08:44:07","modified_gmt":"2025-12-14T08:44:07","slug":"jack-black-reage-a-video-de-elle-fanning-revelando-que-ele-e-seu-crush","status":"publish","type":"post","link":"https:\/\/www.europesays.com\/pt\/187606\/","title":{"rendered":"Jack Black reage a v\u00eddeo de Elle Fanning revelando que ele \u00e9 seu crush"},"content":{"rendered":"<p class=\"wp-block-yoast-seo-estimated-reading-time yoast-reading-time__wrapper\">Estimated reading time: 2 minutos<\/p>\n<p>H\u00e1 um tempo atr\u00e1s, um v\u00eddeo de Elle Fanning revelando que tem uma baita queda por Jack Black acabou viralizando na web, principalmente por ela ter um namorado. Pois bem, Paul Rudd e Jack Black reagiram ao v\u00eddeo e voc\u00ea pode conferir o momento abaixo:<\/p>\n<p>Durante todo o v\u00eddeo, Jack Black diz que prefere manter os olhos fechados porque n\u00e3o consegue processar o que est\u00e1 ouvindo. Al\u00e9m disso, ele diz que ela tem algum tipo de &#8220;transtorno&#8221; que a faz ver Jack Black como algo bonito. Entretanto, Paul Rudd diz que entende o sentimento de Elle, falando que o cara \u00e9 tudo isso mesmo.<\/p>\n<p>No fim, Jack Black deixa um recado para o namorado de Elle, afirmando que n\u00e3o fez nada para que ela fale algo do tipo e que n\u00e3o tem nenhuma rixa com ele. E sim, ele agradece Elle pelo elogio.<\/p>\n<p>Leia tamb\u00e9m sobre Anaconda:<\/p>\n<p>Com um elenco estelar e muita confus\u00e3o na selva,\u00a0<strong>Anaconda<\/strong>\u00a0chega aos cinemas brasileiros em\u00a0<strong>25 de dezembro de 2025<\/strong>.<\/p>\n","protected":false},"excerpt":{"rendered":"Estimated reading time: 2 minutos H\u00e1 um tempo atr\u00e1s, um v\u00eddeo de Elle Fanning revelando que tem uma&hellip;\n","protected":false},"author":2,"featured_media":187607,"comment_status":"","ping_status":"","sticky":false,"template":"","format":"standard","meta":{"footnotes":""},"categories":[145],"tags":[211,210,21592,114,115,16772,4420,32,33],"class_list":{"0":"post-187606","1":"post","2":"type-post","3":"status-publish","4":"format-standard","5":"has-post-thumbnail","7":"category-celebridades","8":"tag-celebridades","9":"tag-celebrities","10":"tag-elle-fanning","11":"tag-entertainment","12":"tag-entretenimento","13":"tag-jack-black","14":"tag-paul-rudd","15":"tag-portugal","16":"tag-pt"},"share_on_mastodon":{"url":"https:\/\/pubeurope.com\/@pt\/115717043833445304","error":""},"_links":{"self":[{"href":"https:\/\/www.europesays.com\/pt\/wp-json\/wp\/v2\/posts\/187606","targetHints":{"allow":["GET"]}}],"collection":[{"href":"https:\/\/www.europesays.com\/pt\/wp-json\/wp\/v2\/posts"}],"about":[{"href":"https:\/\/www.europesays.com\/pt\/wp-json\/wp\/v2\/types\/post"}],"author":[{"embeddable":true,"href":"https:\/\/www.europesays.com\/pt\/wp-json\/wp\/v2\/users\/2"}],"replies":[{"embeddable":true,"href":"https:\/\/www.europesays.com\/pt\/wp-json\/wp\/v2\/comments?post=187606"}],"version-history":[{"count":0,"href":"https:\/\/www.europesays.com\/pt\/wp-json\/wp\/v2\/posts\/187606\/revisions"}],"wp:featuredmedia":[{"embeddable":true,"href":"https:\/\/www.europesays.com\/pt\/wp-json\/wp\/v2\/media\/187607"}],"wp:attachment":[{"href":"https:\/\/www.europesays.com\/pt\/wp-json\/wp\/v2\/media?parent=187606"}],"wp:term":[{"taxonomy":"category","embeddable":true,"href":"https:\/\/www.europesays.com\/pt\/wp-json\/wp\/v2\/categories?post=187606"},{"taxonomy":"post_tag","embeddable":true,"href":"https:\/\/www.europesays.com\/pt\/wp-json\/wp\/v2\/tags?post=187606"}],"curies":[{"name":"wp","href":"https:\/\/api.w.org\/{rel}","templated":true}]}}