{"id":187608,"date":"2025-12-14T08:47:28","date_gmt":"2025-12-14T08:47:28","guid":{"rendered":"https:\/\/www.europesays.com\/pt\/187608\/"},"modified":"2025-12-14T08:47:28","modified_gmt":"2025-12-14T08:47:28","slug":"cusquice-ou-ciumes-ana-lanca-olhar-a-pedro-e-a-marisa-que-nao-passou-despercebido-secret-story","status":"publish","type":"post","link":"https:\/\/www.europesays.com\/pt\/187608\/","title":{"rendered":"Cusquice ou &#8220;ci\u00fames&#8221;? Ana lan\u00e7a olhar a Pedro e a Marisa que n\u00e3o passou despercebido &#8211; Secret Story"},"content":{"rendered":"<p>No Secret Story 9, Marisa e Pedro conversam nas espregui\u00e7adeiras, na zona da piscina. Atenta, Ana olha para o casal e tenta ouvir a conversa. O olhar discreto n\u00e3o passou despercebido. Veja tudo.<\/p>\n<p><strong>Esta semana, h\u00e1 tr\u00eas concorrentes em risco de expuls\u00e3o. Pode votar na APP oficial do TVI reality ou atrav\u00e9s das linhas telef\u00f3nicas.<\/strong><\/p>\n<p>VOTE PARA SALVAR:<\/p>\n<p>ANA \u2013 761 20 20 01<\/p>\n<p>IN\u00caS \u2013 761 20 20 10<\/p>\n<p>LILIANA \u2013 761 20 20 14<\/p>\n<p><a href=\"https:\/\/tvi.iol.pt\/secretstory\/aominuto\" rel=\"nofollow noopener\" target=\"_blank\">Veja aqui tudo o que se passa na casa do Secret Story 9\u00a0<\/a><\/p>\n","protected":false},"excerpt":{"rendered":"No Secret Story 9, Marisa e Pedro conversam nas espregui\u00e7adeiras, na zona da piscina. Atenta, Ana olha para&hellip;\n","protected":false},"author":2,"featured_media":187609,"comment_status":"","ping_status":"","sticky":false,"template":"","format":"standard","meta":{"footnotes":""},"categories":[142],"tags":[6340,114,115,19184,18800,14646,32,33,151,162,18801],"class_list":{"0":"post-187608","1":"post","2":"type-post","3":"status-publish","4":"format-standard","5":"has-post-thumbnail","7":"category-tv","8":"tag-ana","9":"tag-entertainment","10":"tag-entretenimento","11":"tag-marisa","12":"tag-momentos-virais-secret-story","13":"tag-pedro","14":"tag-portugal","15":"tag-pt","16":"tag-tv","17":"tag-tvi","18":"tag-videos-virais-concorrentes"},"share_on_mastodon":{"url":"https:\/\/pubeurope.com\/@pt\/115717055600703133","error":""},"_links":{"self":[{"href":"https:\/\/www.europesays.com\/pt\/wp-json\/wp\/v2\/posts\/187608","targetHints":{"allow":["GET"]}}],"collection":[{"href":"https:\/\/www.europesays.com\/pt\/wp-json\/wp\/v2\/posts"}],"about":[{"href":"https:\/\/www.europesays.com\/pt\/wp-json\/wp\/v2\/types\/post"}],"author":[{"embeddable":true,"href":"https:\/\/www.europesays.com\/pt\/wp-json\/wp\/v2\/users\/2"}],"replies":[{"embeddable":true,"href":"https:\/\/www.europesays.com\/pt\/wp-json\/wp\/v2\/comments?post=187608"}],"version-history":[{"count":0,"href":"https:\/\/www.europesays.com\/pt\/wp-json\/wp\/v2\/posts\/187608\/revisions"}],"wp:featuredmedia":[{"embeddable":true,"href":"https:\/\/www.europesays.com\/pt\/wp-json\/wp\/v2\/media\/187609"}],"wp:attachment":[{"href":"https:\/\/www.europesays.com\/pt\/wp-json\/wp\/v2\/media?parent=187608"}],"wp:term":[{"taxonomy":"category","embeddable":true,"href":"https:\/\/www.europesays.com\/pt\/wp-json\/wp\/v2\/categories?post=187608"},{"taxonomy":"post_tag","embeddable":true,"href":"https:\/\/www.europesays.com\/pt\/wp-json\/wp\/v2\/tags?post=187608"}],"curies":[{"name":"wp","href":"https:\/\/api.w.org\/{rel}","templated":true}]}}