{"id":187681,"date":"2025-12-14T10:15:34","date_gmt":"2025-12-14T10:15:34","guid":{"rendered":"https:\/\/www.europesays.com\/pt\/187681\/"},"modified":"2025-12-14T10:15:34","modified_gmt":"2025-12-14T10:15:34","slug":"ventura-ganhou-mais-com-a-geringonca-que-filipe-com-passos-observador","status":"publish","type":"post","link":"https:\/\/www.europesays.com\/pt\/187681\/","title":{"rendered":"Ventura ganhou mais com a geringon\u00e7a, que Filipe com Passos \u2013 Observador"},"content":{"rendered":"<p class=\"special-bullet\"><strong>Filomena Martins <\/strong>\u2014 Foi um debate ideol\u00f3gico e muitas vezes ca\u00f3tico, mas onde, curiosamente, nenhum dos dois saiu derrotado. Andr\u00e9 Ventura e Ant\u00f3nio Filipe representaram dois polos opostos do sistema pol\u00edtico \u2014 e passaram o tempo a confirmar isso mesmo. Da\u00ed o empate: 12\u201312. Muito confronto, pouca converg\u00eancia, mas clareza total sobre o que cada um \u00e9.<\/p>\n<p>O tema da greve geral revelou bem as diferen\u00e7as. Ventura tentou reescrever o seu pr\u00f3prio percurso: come\u00e7ou por condenar a greve, depois passou a legitim\u00e1-la, desde que o Governo altere profundamente o C\u00f3digo do Trabalho. Apresentou condi\u00e7\u00f5es claras \u2014 despedimento discricion\u00e1rio, outsourcing ap\u00f3s despedimentos, amamenta\u00e7\u00e3o, contratos a prazo \u2014 e insistiu que sempre foi \u201ccoerente\u201d. Ant\u00f3nio Filipe desmontou a narrativa: lembrou que Ventura tinha outro discurso, que alterou, e lan\u00e7ou a opini\u00e3o de que essa mudan\u00e7a coincidiu com o impacto real da greve. Aqui Filipe foi mais consistente; Ventura mais eficaz junto da sua base.<\/p>\n<p>Ventura apresentou-se como candidato \u201cnem de trincheiras nem de patr\u00f5es\u201d, defendendo licen\u00e7as parentais alargadas e algumas medidas sociais, mas misturou isso com ataques \u00e0 \u201csubsidiodepend\u00eancia\u201d\u00a0e ao comunismo. Ant\u00f3nio Filipe respondeu com n\u00fameros: sal\u00e1rios baixos, mais de dois milh\u00f5es de trabalhadores a ganhar menos de mil euros e uma ofensiva profunda contra direitos laborais. Foi o momento em que o PCP voltou a soar reconhec\u00edvel \u2014 e s\u00f3lido.<\/p>\n<p>Na democracia e na Constitui\u00e7\u00e3o, o choque foi frontal. Filipe acusou Ventura de ter tiques antidemocr\u00e1ticos e de querer outra Constitui\u00e7\u00e3o; Ventura assumiu-o sem rodeios, defendendo revis\u00f5es profundas e um Presidente que n\u00e3o seja \u201cuma jarra do regime\u201d. Filipe lembrou o \u00f3bvio: o Presidente jura cumprir a Constitui\u00e7\u00e3o e n\u00e3o pode estimular a sua mudan\u00e7a a partir de Bel\u00e9m. Diverg\u00eancia clara, sem ambiguidades.<\/p>\n<p>A pol\u00edtica externa elevou o tom: Ventura acusou Filipe de querer sair do euro e da NATO; Filipe respondeu com firmeza, garantindo que n\u00e3o propor\u00e1 sa\u00eddas unilaterais nem aventuras internacionais. Cumprir\u00e1 os tratados mesmo que essa n\u00e3o seja a posi\u00e7\u00e3o do PCP. Quando Ventura entrou no terreno da for\u00e7a policial e da ret\u00f3rica punitiva, Filipe travou: seguran\u00e7a n\u00e3o \u00e9 culto da morte nem licen\u00e7a para o abuso. Bem.<\/p>\n<p>No fim, Ventura ganhou em agressividade e capacidade de choque; Filipe em coer\u00eancia ideol\u00f3gica e clareza constitucional. Nenhum convenceu o eleitor do outro. Empate a 12, num debate que n\u00e3o aproximou posi\u00e7\u00f5es \u2014 mas deixou tudo muito claro.<\/p>\n<p class=\"special-bullet\"><strong>Miguel Pinheiro<\/strong> \u2014 Ant\u00f3nio Filipe criticou o pacote laboral do governo e afirmou que \u00e9 preciso defender os trabalhadores. Andr\u00e9 Ventura afirmou que \u00e9 preciso defender os trabalhadores e criticou o pacote laboral do governo. Ant\u00f3nio Filipe atacou Andr\u00e9 Ventura usando Pedro Passos Coelho como arma e colou-o aos cortes dos feriados e dos sal\u00e1rios durante a troika. Andr\u00e9 Ventura atacou Ant\u00f3nio Filipe usando Ant\u00f3nio Costa como arma e colou-o aos problemas na imigra\u00e7\u00e3o e na habita\u00e7\u00e3o durante a geringon\u00e7a. Ant\u00f3nio Filipe disse que Andr\u00e9 Ventura quer mudar a a constitui\u00e7\u00e3o para ter um pa\u00eds menos democr\u00e1tico. Andr\u00e9 Ventura disse que Ant\u00f3nio Filipe quer sair do euro e da NATO para ter um pa\u00eds menos democr\u00e1tico. Foi um debate entre a \u201cditadura\u201d e a \u201crep\u00fablica das bananas\u201d.<\/p>\n<p class=\"special-bullet\"><strong>Miguel Santos Carrapatoso \u2014 <\/strong>Noite muito tranquila para Andr\u00e9 Ventura. O candidato do Chega come\u00e7ou o debate pressionado pelas suas objetivas mudan\u00e7as de opini\u00e3o em rela\u00e7\u00e3o \u00e0 greve geral, mas, e ao contr\u00e1rio do que tinha acontecido no frente a frente com Jorge Pinto, foi conseguindo esconder as contradi\u00e7\u00f5es e explicar com maior clareza a posi\u00e7\u00e3o do partido sobre a reforma laboral.<\/p>\n<p>E f\u00ea-lo muito gra\u00e7as ao dem\u00e9rito de Ant\u00f3nio Filipe, que nunca conseguiu agarrar com efic\u00e1cia o tema. Ali\u00e1s, o candidato comunista tinha aqui \u2018a\u2019 oportunidade para tentar afastar Andr\u00e9 Ventura de parte do eleitorado que alimenta o Chega \u2014 e onde se contam muitos antigos votantes do PCP \u2014, mas nunca o conseguiu fazer verdadeiramente. Pior: viu-se ele pr\u00f3prio associado aos aspectos porventura menos positivos da \u2018geringon\u00e7a\u2019 sem se conseguir reencontrar.<\/p>\n<p>Nem mesmo depois de receber a assist\u00eancia para golo e dizer porque \u00e9 que, afinal, a elei\u00e7\u00e3o de Andr\u00e9 Ventura representa um perigo para a democracia \u2014 nessa altura, preferiu desconversar. A partir da\u00ed, o debate entrou numa inconsequente e desinteressante troca de argumentos. O momento da noite aconteceu quando Ventura, a rir, disse que Ant\u00f3nio Filipe vai votar nele na segunda volta. Foi mesmo o que pareceu: um passeio no parque.<\/p>\n<p class=\"special-bullet\"><strong>Rui Pedro Antunes<\/strong> \u2014 Andr\u00e9 Ventura continua a ter uma posi\u00e7\u00e3o bipolar sobre a greve. Por um lado \u00e9 cr\u00edtico de algumas altera\u00e7\u00f5es \u00e0 lei laboral (n\u00e3o todas, porque quer uma lei mais moderna), mas tamb\u00e9m \u00e9 cr\u00edtico da greve como forma de luta.<\/p>\n<p>O tema greve foi assim \u00fatil ao candidato apoiado pelo PCP, j\u00e1 que a posi\u00e7\u00e3o de Ant\u00f3nio Filipe \u00e9 mais coerente: sempre foi contra a greve e a legisla\u00e7\u00e3o laboral. Al\u00e9m disso, o comunista conseguiu, aparentemente, matar a atual proposta do Governo, j\u00e1 que for\u00e7ou Andr\u00e9 Ventura dizer que, se tudo se mantiver como est\u00e1, o Chega vota contra.<\/p>\n<p>\u00c9 verdade que Ventura consegue ir buscar alguns votos aos descontentes com as altera\u00e7\u00f5es \u00e0 legisla\u00e7\u00e3o laboral (que n\u00e3o existem apenas \u00e0 esquerda), mas num debate entre blocos (e onde \u00e9 \u00fatil for\u00e7ar o bin\u00f3mio esquerda-direita), n\u00e3o se ganha votos a dizer que se vai votar ao lado de PCP e PS contra uma proposta do Governo.<br \/>Para ir atr\u00e1s dos aplausos da direita que adora fazer do PCP uma pitoresca pi\u00f1ata, Ventura fez um name dropping de Fidel e outros \u201camigos\u201d do PCP. Isso ajuda Ventura, claro. Como tamb\u00e9m ajuda os elogios a Passos Coelho.<\/p>\n<p>A quest\u00e3o \u00e9 que Ventura ajudou igualmente Ant\u00f3nio Filipe junto do potencial eleitorado do comunista ao dar-lhe possibilidade de criticar Passos. Tamb\u00e9m foi escusada a refer\u00eancia a Cunhal, que permitiu a Ant\u00f3nio Filipe dar um ralhete ao candidato do Chega: \u201cTenha respeito\u201d.<\/p>\n<p>Concorrem em campeonatos diferentes e foram, dentro do estilo, genericamente competentes \u2014 mesmo que n\u00e3o tenham alargado a sua base eleitoral com esta contenda. Ant\u00f3nio Filipe n\u00e3o ter\u00e1, no entanto, perdido qualquer voto. Andr\u00e9 Ventura n\u00e3o pode diz\u00ea-lo com tanta certeza.<\/p>\n<p><strong>Recorde aqui:<\/strong><\/p>\n<p>o <a href=\"https:\/\/observador.pt\/especiais\/as-notas-do-debate-mendes-o-candidato-que-tambem-tem-bom-coracao-bateu-catarina-com-uma-pedra-no-sapato-so-por-meio-ponto\/\" rel=\"nofollow noopener\" target=\"_blank\">debate entre Marques Mendes e Catarina Martins<\/a><\/p>\n<p>o <a href=\"https:\/\/observador.pt\/especiais\/as-notas-dos-debates-jorge-pinto-puxou-dos-insultos-de-andre-ventura-contra-o-proprio-mas-a-democracia-deu-a-vitoria-ao-lider-do-chega\/\" rel=\"nofollow noopener\" target=\"_blank\">debate entre Andr\u00e9 Ventura e Jorge Pinto<\/a><\/p>\n<p>o <a href=\"https:\/\/observador.pt\/especiais\/as-notas-dos-debates-antonio-filipe-voltou-a-por-todos-no-mesmo-saco-e-o-diabo-que-escolha-e-catarina-aproveitou\/\" rel=\"nofollow noopener\" target=\"_blank\">debate entre Ant\u00f3nio Filipe e Catarina Martins<\/a><\/p>\n<p>o\u00a0<a href=\"https:\/\/observador.pt\/especiais\/as-notas-dos-debates-seguro-usou-o-syriza-contra-a-troika-de-catarina-e-venceu\/\" rel=\"nofollow noopener\" target=\"_blank\">debate entre Ant\u00f3nio Jos\u00e9 Seguro e Catarina Martins<\/a><\/p>\n<p>o\u00a0<a href=\"https:\/\/observador.pt\/especiais\/as-notas-do-debate-cotrim-figueiredo-vence-catarina-martins-por-meio-ponto-depois-dela-se-embrulhar-na-nato\/\" rel=\"nofollow noopener\" target=\"_blank\">debate entre Catarina Martins e Cotrim Figueiredo<\/a><\/p>\n<p>o\u00a0<a href=\"https:\/\/observador.pt\/especiais\/as-notas-dos-debates-o-mais-proativo-mendes-venceu-um-seguro-contra-os-ovos-todos-no-mesmo-cesto\/\" rel=\"nofollow noopener\" target=\"_blank\">debate entre Ant\u00f3nio Jos\u00e9 Seguro e Marques Mendes<\/a><\/p>\n<p>o\u00a0<a href=\"https:\/\/observador.pt\/especiais\/as-notas-dos-debates-ucrania-e-cuba-e-venezuela-derrota-antonio-filipe-no-confronto-com-gouveia-e-melo\/\" rel=\"nofollow noopener\" target=\"_blank\">debate entre Ant\u00f3nio Filipe e Gouveia e Melo<\/a><\/p>\n<p>o\u00a0<a href=\"https:\/\/observador.pt\/especiais\/as-notas-dos-debates-antonio-jose-seguro-apela-ao-voto-util-da-esquerda-e-vence-jorge-pinto\/\" rel=\"nofollow noopener\" target=\"_blank\">debate entre Ant\u00f3nio Jos\u00e9 Seguro e Jorge Pinto<\/a><\/p>\n<p>o\u00a0<a href=\"https:\/\/observador.pt\/especiais\/as-notas-dos-debates-joao-cotrim-figueiredo-vence-por-pouco-antonio-filipe-num-debate-ideologico\/\" rel=\"nofollow noopener\" target=\"_blank\">debate entre Cotrim Figueiredo e Ant\u00f3nio Filipe<\/a><\/p>\n<p>o\u00a0<a href=\"https:\/\/observador.pt\/especiais\/e-o-vencedor-e-dos-debates-a-experiencia-de-marques-mendes-vence-jorge-pinto\/\" rel=\"nofollow noopener\" target=\"_blank\">debate entre Lu\u00eds Marques Mendes e Jorge Pinto<\/a><\/p>\n<p>o\u00a0<a href=\"https:\/\/observador.pt\/especiais\/e-o-vencedor-e-dos-debates-no-debate-dos-insultos-e-da-ideologia-ventura-foi-meio-ponto-melhor-que-catarina-veja-as-notas\/\" rel=\"nofollow noopener\" target=\"_blank\">debate entre Andr\u00e9 Ventura e Catarina Martins<\/a><\/p>\n<p>o\u00a0<a href=\"https:\/\/observador.pt\/especiais\/e-o-vencedor-e-dos-debates-entre-justica-corrupcao-sistema-xerifes-e-marionetes-mendes-vence-ventura-por-decimas-veja-as-notas\/\" rel=\"nofollow noopener\" target=\"_blank\">debate entre Jorge Pinto e Gouveia e Melo<\/a><\/p>\n<p>o\u00a0<a href=\"https:\/\/observador.pt\/especiais\/e-o-vencedor-e-dos-debates-entre-justica-corrupcao-sistema-xerifes-e-marionetes-mendes-vence-ventura-por-decimas-veja-as-notas\/\" rel=\"nofollow noopener\" target=\"_blank\">debate entre Marques Mendes e Andr\u00e9 Ventura<\/a><\/p>\n<p>o\u00a0<a href=\"https:\/\/observador.pt\/especiais\/e-o-vencedor-e-dos-debates-cotrim-atirou-mais-a-mendes-e-bateu-um-jorge-pinto-encantado-com-o-sns-veja-as-notas\/\" rel=\"nofollow noopener\" target=\"_blank\">debate entre Cotrim Figueiredo e Jorge Pinto<\/a><\/p>\n<p>o\u00a0<a href=\"https:\/\/observador.pt\/especiais\/e-o-vencedor-e-dos-debates-a-segunda-gouveia-e-melo-ganhou-mas-pela-margem-minima-a-catarina-martins-veja-as-notas\/\" rel=\"nofollow noopener\" target=\"_blank\">debate entre Catarina Martins e Gouveia e Melo<\/a><\/p>\n<p>o\u00a0<a href=\"https:\/\/observador.pt\/especiais\/e-o-vencedor-e-dos-debates-na-estreia-cotrim-figueiredo-tirou-o-leme-a-gouveia-e-melo-ao-fundo-veja-as-notas\/\" rel=\"nofollow noopener\" target=\"_blank\">debate entre Gouveia e Melo e Cotrim Figueiredo<\/a><\/p>\n<p>o\u00a0<a href=\"https:\/\/observador.pt\/especiais\/o-vencedor-e-dos-debates-seguro-ganhou-por-poucochinho-a-ventura-veja-as-notas\/\" rel=\"nofollow noopener\" target=\"_blank\">debate entre Andr\u00e9 Ventura e Ant\u00f3nio Jos\u00e9 Seguro<\/a><\/p>\n<p>o<a href=\"https:\/\/observador.pt\/especiais\/e-o-vencedor-e-dos-debates-marques-mendes-bateu-antonio-filipe-ao-nao-esquecer-o-tema-fatal-da-ucrania-veja-as-notas\/\" rel=\"nofollow noopener\" target=\"_blank\">\u00a0debate entre Marques Mendes e Ant\u00f3nio Filipe<\/a><\/p>\n","protected":false},"excerpt":{"rendered":"Filomena Martins \u2014 Foi um debate ideol\u00f3gico e muitas vezes ca\u00f3tico, mas onde, curiosamente, nenhum dos dois saiu&hellip;\n","protected":false},"author":2,"featured_media":187682,"comment_status":"","ping_status":"","sticky":false,"template":"","format":"standard","meta":{"footnotes":""},"categories":[10],"tags":[3368,27,28,14074,1077,15,16,14,25,26,21,22,12,13,19,20,3369,3596,302,32,1076,23,24,33,58,17,18,29,30,31],"class_list":{"0":"post-187681","1":"post","2":"type-post","3":"status-publish","4":"format-standard","5":"has-post-thumbnail","7":"category-portugal","8":"tag-andru00e9-ventura","9":"tag-breaking-news","10":"tag-breakingnews","11":"tag-debate","12":"tag-eleiu00e7u00f5es","13":"tag-featured-news","14":"tag-featurednews","15":"tag-headlines","16":"tag-latest-news","17":"tag-latestnews","18":"tag-main-news","19":"tag-mainnews","20":"tag-news","21":"tag-noticias","22":"tag-noticias-principais","23":"tag-noticiasprincipais","24":"tag-partido-chega","25":"tag-pcp","26":"tag-polu00edtica","27":"tag-portugal","28":"tag-presidenciais-2026","29":"tag-principais-noticias","30":"tag-principaisnoticias","31":"tag-pt","32":"tag-sociedade","33":"tag-top-stories","34":"tag-topstories","35":"tag-ultimas","36":"tag-ultimas-noticias","37":"tag-ultimasnoticias"},"share_on_mastodon":{"url":"https:\/\/pubeurope.com\/@pt\/115717401839922187","error":""},"_links":{"self":[{"href":"https:\/\/www.europesays.com\/pt\/wp-json\/wp\/v2\/posts\/187681","targetHints":{"allow":["GET"]}}],"collection":[{"href":"https:\/\/www.europesays.com\/pt\/wp-json\/wp\/v2\/posts"}],"about":[{"href":"https:\/\/www.europesays.com\/pt\/wp-json\/wp\/v2\/types\/post"}],"author":[{"embeddable":true,"href":"https:\/\/www.europesays.com\/pt\/wp-json\/wp\/v2\/users\/2"}],"replies":[{"embeddable":true,"href":"https:\/\/www.europesays.com\/pt\/wp-json\/wp\/v2\/comments?post=187681"}],"version-history":[{"count":0,"href":"https:\/\/www.europesays.com\/pt\/wp-json\/wp\/v2\/posts\/187681\/revisions"}],"wp:featuredmedia":[{"embeddable":true,"href":"https:\/\/www.europesays.com\/pt\/wp-json\/wp\/v2\/media\/187682"}],"wp:attachment":[{"href":"https:\/\/www.europesays.com\/pt\/wp-json\/wp\/v2\/media?parent=187681"}],"wp:term":[{"taxonomy":"category","embeddable":true,"href":"https:\/\/www.europesays.com\/pt\/wp-json\/wp\/v2\/categories?post=187681"},{"taxonomy":"post_tag","embeddable":true,"href":"https:\/\/www.europesays.com\/pt\/wp-json\/wp\/v2\/tags?post=187681"}],"curies":[{"name":"wp","href":"https:\/\/api.w.org\/{rel}","templated":true}]}}