{"id":187695,"date":"2025-12-14T10:31:33","date_gmt":"2025-12-14T10:31:33","guid":{"rendered":"https:\/\/www.europesays.com\/pt\/187695\/"},"modified":"2025-12-14T10:31:33","modified_gmt":"2025-12-14T10:31:33","slug":"lucas-leto-apos-vale-tudo-fara-filme-com-caio-blat-13-12-2025-outro-canal","status":"publish","type":"post","link":"https:\/\/www.europesays.com\/pt\/187695\/","title":{"rendered":"Lucas Leto, ap\u00f3s &#8216;Vale Tudo&#8217;, far\u00e1 filme com Caio Blat &#8211; 13\/12\/2025 &#8211; Outro Canal"},"content":{"rendered":"<p>\n<strong class=\"c-signature__location\">Aracaju <\/strong>\n<\/p>\n<p><a href=\"https:\/\/f5.folha.uol.com.br\/colunistas\/outro-canal\/2025\/11\/em-alta-apos-vale-tudo-lucas-leto-ganha-chance-como-apresentador-na-globo.shtml\" rel=\"nofollow noopener\" target=\"\">Lucas Leto <\/a>acertou seu pr\u00f3ximo trabalho como ator ap\u00f3s o seu sucesso como Sardinha, em &#8220;Vale Tudo&#8221; (2025), da <a href=\"https:\/\/www1.folha.uol.com.br\/folha-topicos\/globo\/\" rel=\"nofollow noopener\" target=\"_blank\">Globo<\/a>. A int\u00e9rprete est\u00e1 no elenco de &#8220;Justino&#8221;, novo filme produzido e dirigido por Jos\u00e9 Eduardo Belmonte.<\/p>\n<p>  <a href=\"https:\/\/f5.folha.uol.com.br\/colunistas\/outro-canal\/\" rel=\"nofollow noopener\" target=\"_blank\"><br \/>\n    <img decoding=\"async\" src=\"https:\/\/www.europesays.com\/pt\/wp-content\/uploads\/2025\/10\/172599691166e09f6f54fe2_1725996911_1x1_xs.jpg\" alt=\"Foto de Outro Canal\" class=\"img-responsive c-lazyload\"\/><\/p>\n<p>  <\/a><\/p>\n<p class=\"author__description\">\n    Cobre diariamente os bastidores das novelas, do telejornalismo e da m\u00eddia esportiva. Tem como titular o jornalista Gabriel Vaquer\n  <\/p>\n","protected":false},"excerpt":{"rendered":"Aracaju Lucas Leto acertou seu pr\u00f3ximo trabalho como ator ap\u00f3s o seu sucesso como Sardinha, em &#8220;Vale Tudo&#8221;&hellip;\n","protected":false},"author":2,"featured_media":187696,"comment_status":"","ping_status":"","sticky":false,"template":"","format":"standard","meta":{"footnotes":""},"categories":[145],"tags":[207,219,7242,211,210,470,223,114,115,224,225,226,753,221,220,222,9480,2931,32,33,218,228,2930,227],"class_list":{"0":"post-187695","1":"post","2":"type-post","3":"status-publish","4":"format-standard","5":"has-post-thumbnail","7":"category-celebridades","8":"tag-arte","9":"tag-bichos","10":"tag-caio-blat","11":"tag-celebridades","12":"tag-celebrities","13":"tag-cinema","14":"tag-colunistas","15":"tag-entertainment","16":"tag-entretenimento","17":"tag-estranho","18":"tag-eu-amo","19":"tag-fofices","20":"tag-globo","21":"tag-horoscopo","22":"tag-humanos","23":"tag-humor","24":"tag-lucas-leto","25":"tag-novela","26":"tag-portugal","27":"tag-pt","28":"tag-televisao","29":"tag-tudo","30":"tag-vale-tudo-novela","31":"tag-videos"},"share_on_mastodon":{"url":"https:\/\/pubeurope.com\/@pt\/115717464903621519","error":""},"_links":{"self":[{"href":"https:\/\/www.europesays.com\/pt\/wp-json\/wp\/v2\/posts\/187695","targetHints":{"allow":["GET"]}}],"collection":[{"href":"https:\/\/www.europesays.com\/pt\/wp-json\/wp\/v2\/posts"}],"about":[{"href":"https:\/\/www.europesays.com\/pt\/wp-json\/wp\/v2\/types\/post"}],"author":[{"embeddable":true,"href":"https:\/\/www.europesays.com\/pt\/wp-json\/wp\/v2\/users\/2"}],"replies":[{"embeddable":true,"href":"https:\/\/www.europesays.com\/pt\/wp-json\/wp\/v2\/comments?post=187695"}],"version-history":[{"count":0,"href":"https:\/\/www.europesays.com\/pt\/wp-json\/wp\/v2\/posts\/187695\/revisions"}],"wp:featuredmedia":[{"embeddable":true,"href":"https:\/\/www.europesays.com\/pt\/wp-json\/wp\/v2\/media\/187696"}],"wp:attachment":[{"href":"https:\/\/www.europesays.com\/pt\/wp-json\/wp\/v2\/media?parent=187695"}],"wp:term":[{"taxonomy":"category","embeddable":true,"href":"https:\/\/www.europesays.com\/pt\/wp-json\/wp\/v2\/categories?post=187695"},{"taxonomy":"post_tag","embeddable":true,"href":"https:\/\/www.europesays.com\/pt\/wp-json\/wp\/v2\/tags?post=187695"}],"curies":[{"name":"wp","href":"https:\/\/api.w.org\/{rel}","templated":true}]}}