{"id":187722,"date":"2025-12-14T10:51:18","date_gmt":"2025-12-14T10:51:18","guid":{"rendered":"https:\/\/www.europesays.com\/pt\/187722\/"},"modified":"2025-12-14T10:51:18","modified_gmt":"2025-12-14T10:51:18","slug":"sporting-de-luto-pela-morte-do-magrico-ernesto-figueiredo","status":"publish","type":"post","link":"https:\/\/www.europesays.com\/pt\/187722\/","title":{"rendered":"Sporting de luto pela morte do \u00abmagri\u00e7o\u00bb Ernesto Figueiredo"},"content":{"rendered":"<p>Ernesto Figueiredo, antigo avan\u00e7ado do Sporting, faleceu este s\u00e1bado aos 88 anos.<\/p>\n<p>Atrav\u00e9s de uma nota publicada no site oficial, os le\u00f5es manifestaram o \u00abprofundo pesar\u00bb pelo falecimento de Ernesto Figueiredo, que integrou a m\u00edtica Sele\u00e7\u00e3o Nacional dos \u00abmagri\u00e7os\u00bb, que disputou o Mundial de 1966 e alcan\u00e7ou um honroso terceiro lugar.<\/p>\n<p>Com um total de 150 golos em 233 jogos pelo Sporting, notabilizou-se durante a d\u00e9cada de 1960. Jogou ainda em clubes como Vit\u00f3ria Sernache, Uni\u00e3o de Tomar ou Esperan\u00e7a de Lagos.<\/p>\n<p>\u00abAl\u00e9m de ter conquistado v\u00e1rios t\u00edtulos ao servi\u00e7o do Sporting, foi figura determinante desse sucesso na d\u00e9cada de 1960, tanto a n\u00edvel nacional como internacional\u00bb, pode ler-se.<\/p>\n<p>Recorde-se ainda que integrou o plantel e foi figura de destaque (com seis golos) na campanha dos le\u00f5es na Ta\u00e7a das Ta\u00e7as de 1963\/64, que acabariam por vencer.<\/p>\n<p>Recorde <a href=\"https:\/\/maisfutebol.iol.pt\/altafini-de-cernache\/sporting\/memorias-de-um-grande-leao-com-eusebio-e-coluna-a-mistura\" rel=\"nofollow noopener\" target=\"_blank\"><strong>AQUI<\/strong><\/a> uma entrevista do <strong>Maisfutebol <\/strong>de 2014 em que Ernesto Figueiredo, tamb\u00e9m conhecido como o &#8216;Altafini de Cernache&#8217;, recorda o seu trajeto no Sporting.<\/p>\n","protected":false},"excerpt":{"rendered":"Ernesto Figueiredo, antigo avan\u00e7ado do Sporting, faleceu este s\u00e1bado aos 88 anos. Atrav\u00e9s de uma nota publicada no&hellip;\n","protected":false},"author":2,"featured_media":187723,"comment_status":"","ping_status":"","sticky":false,"template":"","format":"standard","meta":{"footnotes":""},"categories":[87],"tags":[38032,135,38029,1339,38030,46,38031,32,33,47,34,134],"class_list":{"0":"post-187722","1":"post","2":"type-post","3":"status-publish","4":"format-standard","5":"has-post-thumbnail","7":"category-desporto","8":"tag-altafini-de-cernache","9":"tag-desporto","10":"tag-ernesto-figueiredo","11":"tag-luto","12":"tag-magrico","13":"tag-maisfutebol","14":"tag-nota-de-pesar","15":"tag-portugal","16":"tag-pt","17":"tag-pura-paixao","18":"tag-sporting","19":"tag-sports"},"share_on_mastodon":{"url":"https:\/\/pubeurope.com\/@pt\/115717543787909721","error":""},"_links":{"self":[{"href":"https:\/\/www.europesays.com\/pt\/wp-json\/wp\/v2\/posts\/187722","targetHints":{"allow":["GET"]}}],"collection":[{"href":"https:\/\/www.europesays.com\/pt\/wp-json\/wp\/v2\/posts"}],"about":[{"href":"https:\/\/www.europesays.com\/pt\/wp-json\/wp\/v2\/types\/post"}],"author":[{"embeddable":true,"href":"https:\/\/www.europesays.com\/pt\/wp-json\/wp\/v2\/users\/2"}],"replies":[{"embeddable":true,"href":"https:\/\/www.europesays.com\/pt\/wp-json\/wp\/v2\/comments?post=187722"}],"version-history":[{"count":0,"href":"https:\/\/www.europesays.com\/pt\/wp-json\/wp\/v2\/posts\/187722\/revisions"}],"wp:featuredmedia":[{"embeddable":true,"href":"https:\/\/www.europesays.com\/pt\/wp-json\/wp\/v2\/media\/187723"}],"wp:attachment":[{"href":"https:\/\/www.europesays.com\/pt\/wp-json\/wp\/v2\/media?parent=187722"}],"wp:term":[{"taxonomy":"category","embeddable":true,"href":"https:\/\/www.europesays.com\/pt\/wp-json\/wp\/v2\/categories?post=187722"},{"taxonomy":"post_tag","embeddable":true,"href":"https:\/\/www.europesays.com\/pt\/wp-json\/wp\/v2\/tags?post=187722"}],"curies":[{"name":"wp","href":"https:\/\/api.w.org\/{rel}","templated":true}]}}