{"id":187742,"date":"2025-12-14T11:06:11","date_gmt":"2025-12-14T11:06:11","guid":{"rendered":"https:\/\/www.europesays.com\/pt\/187742\/"},"modified":"2025-12-14T11:06:11","modified_gmt":"2025-12-14T11:06:11","slug":"o-que-fazer-quando-o-seu-psicologo-morre-14-12-2025-equilibrio","status":"publish","type":"post","link":"https:\/\/www.europesays.com\/pt\/187742\/","title":{"rendered":"O que fazer quando o seu psic\u00f3logo morre &#8211; 14\/12\/2025 &#8211; Equil\u00edbrio"},"content":{"rendered":"<p>O cineasta e criador de conte\u00fado Pedro Gabriel Miziara, 27, come\u00e7ou a<a href=\"https:\/\/www1.folha.uol.com.br\/equilibrio\/2025\/03\/o-que-e-preciso-saber-antes-de-comecar-a-fazer-terapia.shtml\" rel=\"nofollow noopener\" target=\"\"> fazer terapia<\/a> na <a href=\"https:\/\/www1.folha.uol.com.br\/folha-topicos\/adolescente\/\" rel=\"nofollow noopener\" target=\"\">adolesc\u00eancia<\/a>. Foram quase oito anos com o mesmo <a href=\"https:\/\/www1.folha.uol.com.br\/equilibrio\/2023\/08\/psicologos-tambem-fazem-terapia-para-manter-a-saude-mental.shtml\" rel=\"nofollow noopener\" target=\"\">psic\u00f3logo<\/a>, entre algumas pausas, at\u00e9 o elo se romper de forma abrupta com a morte do profissional.<\/p>\n<p>&#8220;Numa segunda-feira, toquei a campainha do consult\u00f3rio e ele n\u00e3o me atendeu. Isso aconteceu s\u00f3 uma outra vez em anos. Toquei de novo, n\u00e3o atendeu. Achei estranho. Fui para casa e mandei mensagem para a minha namorada na \u00e9poca, brincando: \u2018acho que ele morreu\u2019&#8221;, lembra.<\/p>\n<p>Sem not\u00edcias, Miziara soube da <a href=\"https:\/\/www1.folha.uol.com.br\/blogs\/morte-sem-tabu\/\" rel=\"nofollow noopener\" target=\"\">morte <\/a>ao entrar no perfil pessoal do terapeuta no Facebook, que sempre aparecia como sugest\u00e3o. &#8220;Tinha uma foto dele em preto e branco e muitas pessoas lamentando a morte. Foi um susto&#8221;, conta.<\/p>\n<p>A hist\u00f3ria de Miziara desperta para uma reflex\u00e3o: quais s\u00e3o os impactos de perder um profissional em que depositamos tanta confian\u00e7a, como um terapeuta? Essa resposta \u00e9 individual, aponta a psic\u00f3loga Celina Daspett, coordenadora do Proalu (Programa de Acolhimento ao Luto), da Unifesp (Universidade Federal de S\u00e3o Paulo). Por\u00e9m, \u00e9 comum que a ruptura leve ao <a href=\"https:\/\/www1.folha.uol.com.br\/equilibrio\/2025\/05\/como-lidar-com-o-luto-inesperado-nas-transicoes-da-vida.shtml\" rel=\"nofollow noopener\" target=\"\">luto<\/a>, sobretudo em casos de mortes repentinas.<\/p>\n<p>&#8220;Se o profissional tem uma doen\u00e7a, o protocolo \u00e9 outro. A\u00ed ele consegue se despedir dos pacientes, encaminhar para outros profissionais. Uma morte repentina \u00e9 agravante do luto&#8221;, explica Daspett.<\/p>\n<p>Dois processos aumentam o sofrimento em situa\u00e7\u00f5es como a que Miziara. Primeiro, a falta de um ritual de despedida, como ir ao vel\u00f3rio, que representa a concretiza\u00e7\u00e3o da morte. &#8220;Mortes sem o corpo s\u00e3o mais dif\u00edceis de serem elaboradas. \u00c9 a chamada perda amb\u00edgua: voc\u00ea n\u00e3o sabe se essa pessoa morreu ou n\u00e3o. Algo que acontece com presos pol\u00edticos e crian\u00e7as desaparecidas&#8221;, diz Daspett.<\/p>\n<p>E, segundo, a deslegitima\u00e7\u00e3o dessa tristeza por terceiros, colocando esse tipo de luto entre os n\u00e3o reconhecidos \u2014um mecanismo semelhante ao que acontece ap\u00f3s<a href=\"https:\/\/www1.folha.uol.com.br\/equilibrioesaude\/2025\/12\/como-maternidade-do-rio-virou-referencia-no-luto-gestacional.shtml\" rel=\"nofollow noopener\" target=\"\"> perdas gestacionais<\/a>, por exemplo. Os principais efeitos diretos disso s\u00e3o a resist\u00eancia em seguir a terapia e a dificuldade de se vincular a um novo profissional, diz a psic\u00f3loga.<\/p>\n<p>Miziara conta que vivenciou ambos os processos. No dia seguinte \u00e0 not\u00edcia, ele recebeu uma mensagem do n\u00famero do terapeuta. Era o filho dele. Os dois conversaram por liga\u00e7\u00e3o e choraram. &#8220;Ele morreu na ter\u00e7a-feira anterior, um dia depois de me atender. Teve um infarto durante uma consulta&#8221;, diz.<\/p>\n<p>O filho do psic\u00f3logo \u00e9 psiquiatra e perguntou se ele precisava de suporte, ou da indica\u00e7\u00e3o de um novo terapeuta. O cineasta n\u00e3o quis recome\u00e7ar o processo, mesmo vivendo um momento vulner\u00e1vel, de volta \u00e0 terapia dois anos ap\u00f3s ter alta.<\/p>\n<p>&#8220;Foram anos nessa terapia. Eu cresci e o meu terapeuta virou quase uma figura paterna, que surgiu quando eu precisava disso, na minha <a href=\"https:\/\/www1.folha.uol.com.br\/equilibrio\/2025\/07\/queda-da-idade-media-da-primeira-menstruacao-nao-deve-alarmar-dizem-medicos.shtml\" rel=\"nofollow noopener\" target=\"\">puberdade<\/a>, quando eu tentava entender a separa\u00e7\u00e3o dos meus pais. Na sess\u00e3o antes de ele falecer, ele disse que sentia orgulho de mim&#8221;, conta o cineasta.<\/p>\n<p>S\u00f3 no ano seguinte, em 2022, Miziara viu-se pronto a buscar outro psic\u00f3logo. &#8220;Mas me sentia traindo ele [o anterior], era como se eu estivesse vi\u00favo e fosse entrar em um aplicativo de relacionamento para encontrar algu\u00e9m&#8221;, diz. As sess\u00f5es n\u00e3o seguiram.<\/p>\n<p>Em 2023, em meio a uma crise, procurou ajuda. Fazer terapia online, uma novidade para ele, o ajudou. &#8220;Acho que isso foi importante, porque era outro ambiente, n\u00e3o um consult\u00f3rio. Era em casa. Comecei falando que fiz oito anos de terapia e meu terapeuta morreu.&#8221;<\/p>\n<p>Trazer esse repert\u00f3rio para as sess\u00f5es \u00e9 essencial. \u00c9 papel do novo psic\u00f3logo tratar o trauma da perda, se essa for uma demanda do paciente, orienta Daspett. Alguns rituais, mesmo que simples, ajudam a ressignificar o luto \u2013como escrever uma carta ou simular uma conversa de despedida.<\/p>\n<p>Hoje, dois anos ap\u00f3s a retomada, Miziara encontrou um lugar para cada profissional. O novo terapeuta est\u00e1 no presente, e o antigo ecoa por meio do legado, e n\u00e3o de compara\u00e7\u00f5es.<\/p>\n<p>Sem protocolo para psic\u00f3logos<\/p>\n<p>Um <a href=\"https:\/\/division42.org\/wp-content\/uploads\/IPs\/Winter-2025-IP.pdf\" target=\"_blank\" rel=\"nofollow noopener\">estudo<\/a> publicado nos EUA neste ano mostrou que 80% dos psic\u00f3logos temem que os pacientes n\u00e3o sejam avisados sobre sua morte. A nega\u00e7\u00e3o sobre a pr\u00f3pria finitude \u00e9 um dos principais fatores que os impedem de criar condutas para esse momento.<\/p>\n<p>&#8220;A gente n\u00e3o fala de morte. Se a gente pensar no imagin\u00e1rio social, a gente vive como se n\u00e3o fosse morrer, por mais que todos n\u00f3s saibamos. H\u00e1 uma nega\u00e7\u00e3o&#8221;, diz Celina Daspett.<\/p>\n<p>O CFP (Conselho Federal de Psicologia) afirma que n\u00e3o existe um protocolo de como os profissionais devem se preparar para a pr\u00f3pria morte ou situa\u00e7\u00f5es que os impe\u00e7am de exercer a profiss\u00e3o. A orienta\u00e7\u00e3o \u00e9 garantir a continuidade do v\u00ednculo com outro terapeuta e a confidencialidade das informa\u00e7\u00f5es do paciente.<\/p>\n<p>&#8220;V\u00ednculo \u00e9 algo muito fundamental na psicologia. Nenhum profissional tem a obriga\u00e7\u00e3o de comunicar as suas condi\u00e7\u00f5es de <a href=\"https:\/\/www1.folha.uol.com.br\/folha-topicos\/saude\/\" rel=\"nofollow noopener\" target=\"_blank\">sa\u00fade<\/a>, isso em qualquer profiss\u00e3o. Mas \u00e9 importante trabalhar a possibilidade de romper o v\u00ednculo e oferecer a chance de buscar outro profissional&#8221;, afirma Maria Carolina Roseiro, conselheira do CFP e doutora pela UFES (Universidade Federal do Esp\u00edrito Santo).<\/p>\n<p>Uma forma de evitar problemas \u00e9 combinar como os pacientes podem acessar o pr\u00f3prio prontu\u00e1rio em casos extremos. &#8220;Mesmo que seja um acordo verbal, oriente como a pessoa pode ter acesso aos registros&#8221;, diz Roseiro. Afinal, ter o prontu\u00e1rio ajuda a recome\u00e7ar o processo terap\u00eautico.<\/p>\n<p>Outras op\u00e7\u00f5es s\u00e3o fazer um testamento profissional (que re\u00fane instru\u00e7\u00f5es administrativas sobre o consult\u00f3rio e quais orienta\u00e7\u00f5es dar aos pacientes) ou escolher um executor de pr\u00e1tica (profissional que tamb\u00e9m ter\u00e1 fun\u00e7\u00e3o cl\u00ednica, atendendo e fazendo prontu\u00e1rios).<\/p>\n","protected":false},"excerpt":{"rendered":"O cineasta e criador de conte\u00fado Pedro Gabriel Miziara, 27, come\u00e7ou a fazer terapia na adolesc\u00eancia. Foram quase&hellip;\n","protected":false},"author":2,"featured_media":187743,"comment_status":"","ping_status":"","sticky":false,"template":"","format":"standard","meta":{"footnotes":""},"categories":[86],"tags":[1031,1029,236,116,1339,32,4740,38044,33,117,1030,6108],"class_list":{"0":"post-187742","1":"post","2":"type-post","3":"status-publish","4":"format-standard","5":"has-post-thumbnail","7":"category-saude","8":"tag-autocuidado","9":"tag-cuide-se","10":"tag-folha","11":"tag-health","12":"tag-luto","13":"tag-portugal","14":"tag-psicologia","15":"tag-psicologo","16":"tag-pt","17":"tag-saude","18":"tag-saude-mental","19":"tag-terapia"},"share_on_mastodon":{"url":"https:\/\/pubeurope.com\/@pt\/115717602244645451","error":""},"_links":{"self":[{"href":"https:\/\/www.europesays.com\/pt\/wp-json\/wp\/v2\/posts\/187742","targetHints":{"allow":["GET"]}}],"collection":[{"href":"https:\/\/www.europesays.com\/pt\/wp-json\/wp\/v2\/posts"}],"about":[{"href":"https:\/\/www.europesays.com\/pt\/wp-json\/wp\/v2\/types\/post"}],"author":[{"embeddable":true,"href":"https:\/\/www.europesays.com\/pt\/wp-json\/wp\/v2\/users\/2"}],"replies":[{"embeddable":true,"href":"https:\/\/www.europesays.com\/pt\/wp-json\/wp\/v2\/comments?post=187742"}],"version-history":[{"count":0,"href":"https:\/\/www.europesays.com\/pt\/wp-json\/wp\/v2\/posts\/187742\/revisions"}],"wp:featuredmedia":[{"embeddable":true,"href":"https:\/\/www.europesays.com\/pt\/wp-json\/wp\/v2\/media\/187743"}],"wp:attachment":[{"href":"https:\/\/www.europesays.com\/pt\/wp-json\/wp\/v2\/media?parent=187742"}],"wp:term":[{"taxonomy":"category","embeddable":true,"href":"https:\/\/www.europesays.com\/pt\/wp-json\/wp\/v2\/categories?post=187742"},{"taxonomy":"post_tag","embeddable":true,"href":"https:\/\/www.europesays.com\/pt\/wp-json\/wp\/v2\/tags?post=187742"}],"curies":[{"name":"wp","href":"https:\/\/api.w.org\/{rel}","templated":true}]}}