{"id":187764,"date":"2025-12-14T11:40:51","date_gmt":"2025-12-14T11:40:51","guid":{"rendered":"https:\/\/www.europesays.com\/pt\/187764\/"},"modified":"2025-12-14T11:40:51","modified_gmt":"2025-12-14T11:40:51","slug":"surpresa-maria-botelho-moniz-tem-novo-projeto-fora-da-televisao-um-dia-lanco-uma-coisa-minha-hoje-e-o-dia-secret-story","status":"publish","type":"post","link":"https:\/\/www.europesays.com\/pt\/187764\/","title":{"rendered":"Surpresa! Maria Botelho Moniz tem novo projeto fora da televis\u00e3o: \u00abUm dia, lan\u00e7o uma coisa minha. Hoje \u00e9 o dia\u00bb &#8211; Secret Story"},"content":{"rendered":"<p>\u00c9 um dia muito especial para <strong>Maria Botelho Moniz<\/strong>. <a href=\"https:\/\/tvi.iol.pt\/secretstory\/maria-botelho-moniz\/primeira-companhia\/contagem-decrescente-maria-botelho-moniz-mostra-a-preparacao-para-o-maior-desafio-da-sua-carreira\" rel=\"nofollow noopener\" target=\"_blank\">A apresentadora da TVI <\/a><strong><a href=\"https:\/\/tvi.iol.pt\/secretstory\/maria-botelho-moniz\/primeira-companhia\/contagem-decrescente-maria-botelho-moniz-mostra-a-preparacao-para-o-maior-desafio-da-sua-carreira\" rel=\"nofollow noopener\" target=\"_blank\">acaba de lan\u00e7ar um projeto seu<\/a>, fora da televis\u00e3o, e n\u00e3o podia estar mais feliz.<\/strong><\/p>\n<p>Nas redes sociais, a comunicadora mostrou tudo aos seus seguidores. \u00ab<strong>Um dia lan\u00e7o uma coisa minha. Hoje \u00e9 o dia<\/strong>\u00bb, come\u00e7ou por escrever, na legenda de um v\u00eddeo, publicado no Instagram, em que mostra o seu mais recente projeto: lou\u00e7a personalizada com frases muito caricatas.<\/p>\n<p>\u00abA ideia j\u00e1 flutuava na minha cabe\u00e7a h\u00e1 muito tempo e agora em colabora\u00e7\u00e3o com o @atelierembaixador consigo tir\u00e1-la, literalmente, do forno. Pe\u00e7as simples, cl\u00e1ssicas, intemporais mas com um twist. Um bocadinho como eu!\u00bb, prosseguiu.\u00a0<\/p>\n<p>\u00abDa minha cabe\u00e7a e das m\u00e3os da Mariana e da Constan\u00e7a, para a vossa cozinha. Tr\u00eas pe\u00e7as personaliz\u00e1veis ao vosso gosto, feitas \u00e0 m\u00e3o com todo o amor: um prato de bolo, um prato \u201cbanana bread\u201d e uma tigela de aperitivos com molheira. <strong>Escolham a pe\u00e7a, a frase (no caso do prato de bolo) e a cor das letras, e tenham um bocadinho de mim em vossas casas. <\/strong>\u2764\ufe0f Mas apressem-se porque como \u00e9 tudo feito \u00e0 m\u00e3o, as unidades s\u00e3o limitadas!\u00bb, escreveu ainda.<\/p>\n<p><strong>Pode ver aqui as imagens em quest\u00e3o:<\/strong><\/p>\n<p>\u00a0<\/p>\n<p>Mais tarde, <strong><a href=\"https:\/\/tvi.iol.pt\/secretstory\/maria-botelho-moniz\/pedro-bianchi-prata\/nao-encontrei-legenda-possivel-maria-botelho-moniz-inundada-de-amor-com-partilha-apaixonante\" rel=\"nofollow noopener\" target=\"_blank\">Maria Botelho Moniz<\/a> regressou \u00e0s redes sociais para mostrar alguns exemplares das pe\u00e7as em quest\u00e3o<\/strong>. \u00ab Aqui est\u00e3o elas e eu estou apaixonada! <strong>Prato de bolo, prato \u201cbanana bread\u201d e tigela de aperitivos, feitas \u00e0 m\u00e3o e personaliz\u00e1veis ao vosso gosto.<\/strong> Mal posso esperar por come\u00e7ar a receber as vossas fotografias com elas nas vossas mesas! Qual \u00e9 a vossa pe\u00e7a favorita?\u00bb, pode ler-se.<\/p>\n<p><strong>Veja mais aqui:<\/strong><\/p>\n<p>O novo projeto de <a href=\"https:\/\/tvi.iol.pt\/secretstory\/maria-botelho-moniz\/pedro-bianchi-prata\/o-video-mais-amoroso-do-dia-maria-botelho-moniz-e-o-filho-trocam-um-beijinho-a-esquimo\" rel=\"nofollow noopener\" target=\"_blank\">Maria Botelho Moniz agitou a Internet<\/a> e todos ficaram encantados com a ideia. \u00abAdoro as frases!! \ud83d\ude0d\u00bb, \u00abParab\u00e9ns que pe\u00e7as lindas adorei e que excelente ideia para presente de natal \ud83d\ude0d\u00bb, \u00abMaria, que originais \ud83d\ude00\ud83d\ude00 adoro as frases! \u2764\ufe0f Parab\u00e9ns pelo projeto \ud83d\udc4f\u00bb, \u00abAdoro! Est\u00e1 um m\u00e1ximo este cole\u00e7\u00e3o\ud83d\udc4f\u00bb, \u00abM\u00e3os de fada, t\u00e3o bonitas&#8230;parab\u00e9ns \u00e0s tr\u00eas \ud83d\udc4f\u00bb, \u00abA fada dos 7 of\u00edcios \ud83d\udc4f\u00bb, \u00abValorosa Mulher!\u00bb, pode ler-se, nos coment\u00e1rios das publica\u00e7\u00f5es.\u00a0<\/p>\n<p>\u00a0<\/p>\n","protected":false},"excerpt":{"rendered":"\u00c9 um dia muito especial para Maria Botelho Moniz. A apresentadora da TVI acaba de lan\u00e7ar um projeto&hellip;\n","protected":false},"author":2,"featured_media":187765,"comment_status":"","ping_status":"","sticky":false,"template":"","format":"standard","meta":{"footnotes":""},"categories":[142],"tags":[18706,114,115,18705,338,7561,32,4108,33,151,18704],"class_list":{"0":"post-187764","1":"post","2":"type-post","3":"status-publish","4":"format-standard","5":"has-post-thumbnail","7":"category-tv","8":"tag-bastidores-secret-story","9":"tag-entertainment","10":"tag-entretenimento","11":"tag-entrevistas-concorrentes-tvi","12":"tag-maria-botelho-moniz","13":"tag-natal","14":"tag-portugal","15":"tag-projeto","16":"tag-pt","17":"tag-tv","18":"tag-vida-fora-da-casa"},"share_on_mastodon":{"url":"https:\/\/pubeurope.com\/@pt\/115717739843256549","error":""},"_links":{"self":[{"href":"https:\/\/www.europesays.com\/pt\/wp-json\/wp\/v2\/posts\/187764","targetHints":{"allow":["GET"]}}],"collection":[{"href":"https:\/\/www.europesays.com\/pt\/wp-json\/wp\/v2\/posts"}],"about":[{"href":"https:\/\/www.europesays.com\/pt\/wp-json\/wp\/v2\/types\/post"}],"author":[{"embeddable":true,"href":"https:\/\/www.europesays.com\/pt\/wp-json\/wp\/v2\/users\/2"}],"replies":[{"embeddable":true,"href":"https:\/\/www.europesays.com\/pt\/wp-json\/wp\/v2\/comments?post=187764"}],"version-history":[{"count":0,"href":"https:\/\/www.europesays.com\/pt\/wp-json\/wp\/v2\/posts\/187764\/revisions"}],"wp:featuredmedia":[{"embeddable":true,"href":"https:\/\/www.europesays.com\/pt\/wp-json\/wp\/v2\/media\/187765"}],"wp:attachment":[{"href":"https:\/\/www.europesays.com\/pt\/wp-json\/wp\/v2\/media?parent=187764"}],"wp:term":[{"taxonomy":"category","embeddable":true,"href":"https:\/\/www.europesays.com\/pt\/wp-json\/wp\/v2\/categories?post=187764"},{"taxonomy":"post_tag","embeddable":true,"href":"https:\/\/www.europesays.com\/pt\/wp-json\/wp\/v2\/tags?post=187764"}],"curies":[{"name":"wp","href":"https:\/\/api.w.org\/{rel}","templated":true}]}}