{"id":187780,"date":"2025-12-14T11:56:08","date_gmt":"2025-12-14T11:56:08","guid":{"rendered":"https:\/\/www.europesays.com\/pt\/187780\/"},"modified":"2025-12-14T11:56:08","modified_gmt":"2025-12-14T11:56:08","slug":"cantora-chega-aos-37-anos-com-fortuna-de-16-milhoes-de-dolares-e-mansao-de-r-41-milhoes","status":"publish","type":"post","link":"https:\/\/www.europesays.com\/pt\/187780\/","title":{"rendered":"Cantora chega aos 37 anos com fortuna de 16 milh\u00f5es de d\u00f3lares e mans\u00e3o de R$ 41 milh\u00f5es"},"content":{"rendered":"<p><strong>Vanessa Hudgens<\/strong> celebra neste domingo, 14, seus 37 anos como um dos nomes mais vers\u00e1teis de sua gera\u00e7\u00e3o em Hollywood. Atriz, cantora, produtora, apresentadora e empres\u00e1ria, a estrela que conquistou o mundo ao viver <strong>Gabriella Montez<\/strong> na franquia High School Musical construiu uma carreira s\u00f3lida no cinema, na televis\u00e3o, nos palcos e tamb\u00e9m no empreendedorismo \u2014 trajet\u00f3ria que hoje se reflete em um patrim\u00f4nio estimado em US$ 16 milh\u00f5es.<\/p>\n<p>Nascida em Salinas, na Calif\u00f3rnia, nos Estados Unidos, em 1988, Vanessa mostrou talento para as artes desde a inf\u00e2ncia. Ainda crian\u00e7a, come\u00e7ou no teatro musical e logo migrou para a televis\u00e3o e o cinema. O reconhecimento mundial veio em 2006, com High School Musical, fen\u00f4meno do Disney Channel que bateu recordes de audi\u00eancia e vendas de trilha sonora, transformando Hudgens em um \u00edcone pop adolescente.<\/p>\n<p><strong>Leia tamb\u00e9m<\/strong>: <a href=\"https:\/\/caras.com.br\/datas-especiais\/cantor-chega-aos-47-anos-com-jatinho-de-r-40-milhoes-e-ferrari-de-r-2-milhoes.phtml\" rel=\"nofollow noopener\" target=\"_blank\">Cantor chega aos 47 com fazenda de R$ 30 milh\u00f5es, jatinho de R$ 40 milh\u00f5es e mans\u00e3o de R$ 12 milh\u00f5es<\/a><\/p>\n<p>O sucesso abriu caminho para sua carreira musical solo, com os \u00e1lbuns V (2006) e Identified (2008), al\u00e9m de turn\u00eas e pr\u00eamios. Com o tempo, a artista decidiu direcionar seu foco principalmente para a atua\u00e7\u00e3o, buscando pap\u00e9is mais maduros e variados. No cinema, destacou-se em produ\u00e7\u00f5es como A Fera, Spring Breakers, Viagem 2: A Ilha Misteriosa, Machete Kills, Bad Boys para Sempre e Tick, Tick\u2026 Boom!.<\/p>\n<p>Nos palcos, Vanessa tamb\u00e9m construiu um curr\u00edculo respeitado, passando pelo Hollywood Bowl, pelo Kennedy Center e pela Broadway, onde foi protagonista do musical Gigi, papel que lhe rendeu pr\u00eamios e elogios da cr\u00edtica. J\u00e1 na televis\u00e3o, al\u00e9m de s\u00e9ries e filmes, consolidou-se como apresentadora e jurada de grandes eventos, como o MTV Movie &amp; TV Awards, o Billboard Music Awards e transmiss\u00f5es do Oscar e do Met Gala.<\/p>\n<p> Confira Vanessa Hudgens na abertura do MTV Movie &amp; TV Awards 2022:  Empreendedorismo <\/p>\n<p>Nos \u00faltimos anos, Hudgens tamb\u00e9m se destacou como produtora e empres\u00e1ria. Ela \u00e9 cofundadora da marca de \u00e1gua org\u00e2nica de cacto Caliwater, da empresa de skincare KNOW Beauty e da marca de drinks alco\u00f3licos Thomas Ashbourne, iniciativas que contribu\u00edram significativamente para o crescimento de seu patrim\u00f4nio<\/p>\n<p>Todo esse sucesso se reflete no estilo de vida da artista, que acumula uma fortuna de US$ 16 milh\u00f5es. Em 2022, Vanessa adquiriu uma mans\u00e3o avaliada em cerca de US$ 7,5 milh\u00f5es \u2014 aproximadamente R$ 41 milh\u00f5es \u2014 no bairro de Studio City, em Los Angeles. Com mais de 670 m\u00b2, a propriedade conta com cinco quartos, cinco banheiros, varandas amplas, piscina de borda infinita, spa, jardim, \u00e1rea externa com fogueira e vista privilegiada para o Vale de S\u00e3o Fernando. O im\u00f3vel passou por uma grande revitaliza\u00e7\u00e3o e combina vidro, madeira e m\u00e1rmore em um design moderno e sofisticado.<\/p>\n<p>\t <img loading=\"lazy\" decoding=\"async\" class=\"size-medium wp-image-1044086 img-fluid lazy\" alt=\"Mans\u00e3o da cantora em Studio City, na Calif\u00f3rnia - Foto: Divulga\u00e7\u00e3o\/Compass\" width=\"406\" height=\"228\" src=\"https:\/\/www.europesays.com\/pt\/wp-content\/uploads\/2025\/12\/Mansao-da-cantora-em-Studio-City-na-California-406x228.jpg\"  \/>Mans\u00e3o da cantora em Studio City, na Calif\u00f3rnia \u2013 Foto: Divulga\u00e7\u00e3o\/Compass Vida Pessoal e Brasil <\/p>\n<p>Casada desde dezembro de 2023 com o jogador de beisebol <strong>Cole Tucker<\/strong> (29), com quem <a href=\"https:\/\/caras.com.br\/bebe\/vanessa-hudgens-da-luz-primeiro-filho-com-cole-tucker.phtml\" rel=\"nofollow noopener\" target=\"_blank\">teve seu primeiro filho em 2024<\/a> e acaba de dar \u00e0 luz <a href=\"https:\/\/caras.com.br\/bem-estar\/vanessa-hudgens-expoe-fragilidades-do-pos-parto-e-medica-explica-o-que-acontece-com-o-corpo.phtml\" rel=\"nofollow noopener\" target=\"_blank\">o segundo o filho<\/a>, Vanessa Hudgens celebra seus 37 anos vivendo uma fase de equil\u00edbrio entre vida pessoal, matrernidade, sucesso profissional e novos projetos, consolidando-se como uma artista multifacetada e uma empres\u00e1ria de destaque no entretenimento internacional.<\/p>\n<p>Em 2009, a cantora e atriz esteve no Brasil e marcou presen\u00e7a na Ilha de CARAS, em Angra dos Reis, onde exp\u00f4s paix\u00f5es e estilo pr\u00f3prio. Relembre a entrevista de Vanessa Hudgens <a href=\"https:\/\/caras.com.br\/revista\/vanessa-hudgens-um-fenomeno-na-ilha-de-caras.phtml\" rel=\"nofollow noopener\" target=\"_blank\">clicando aqui<\/a> e assista:<\/p>\n","protected":false},"excerpt":{"rendered":"Vanessa Hudgens celebra neste domingo, 14, seus 37 anos como um dos nomes mais vers\u00e1teis de sua gera\u00e7\u00e3o&hellip;\n","protected":false},"author":2,"featured_media":187781,"comment_status":"","ping_status":"","sticky":false,"template":"","format":"standard","meta":{"footnotes":""},"categories":[141],"tags":[114,115,82,8759,149,150,32,33,23804],"class_list":{"0":"post-187780","1":"post","2":"type-post","3":"status-publish","4":"format-standard","5":"has-post-thumbnail","7":"category-musica","8":"tag-entertainment","9":"tag-entretenimento","10":"tag-internacional","11":"tag-luxo","12":"tag-music","13":"tag-musica","14":"tag-portugal","15":"tag-pt","16":"tag-vanessa-hudgens"},"share_on_mastodon":{"url":"https:\/\/pubeurope.com\/@pt\/115717799165902715","error":""},"_links":{"self":[{"href":"https:\/\/www.europesays.com\/pt\/wp-json\/wp\/v2\/posts\/187780","targetHints":{"allow":["GET"]}}],"collection":[{"href":"https:\/\/www.europesays.com\/pt\/wp-json\/wp\/v2\/posts"}],"about":[{"href":"https:\/\/www.europesays.com\/pt\/wp-json\/wp\/v2\/types\/post"}],"author":[{"embeddable":true,"href":"https:\/\/www.europesays.com\/pt\/wp-json\/wp\/v2\/users\/2"}],"replies":[{"embeddable":true,"href":"https:\/\/www.europesays.com\/pt\/wp-json\/wp\/v2\/comments?post=187780"}],"version-history":[{"count":0,"href":"https:\/\/www.europesays.com\/pt\/wp-json\/wp\/v2\/posts\/187780\/revisions"}],"wp:featuredmedia":[{"embeddable":true,"href":"https:\/\/www.europesays.com\/pt\/wp-json\/wp\/v2\/media\/187781"}],"wp:attachment":[{"href":"https:\/\/www.europesays.com\/pt\/wp-json\/wp\/v2\/media?parent=187780"}],"wp:term":[{"taxonomy":"category","embeddable":true,"href":"https:\/\/www.europesays.com\/pt\/wp-json\/wp\/v2\/categories?post=187780"},{"taxonomy":"post_tag","embeddable":true,"href":"https:\/\/www.europesays.com\/pt\/wp-json\/wp\/v2\/tags?post=187780"}],"curies":[{"name":"wp","href":"https:\/\/api.w.org\/{rel}","templated":true}]}}