{"id":187794,"date":"2025-12-14T12:08:17","date_gmt":"2025-12-14T12:08:17","guid":{"rendered":"https:\/\/www.europesays.com\/pt\/187794\/"},"modified":"2025-12-14T12:08:17","modified_gmt":"2025-12-14T12:08:17","slug":"fa-grava-encontro-com-jade-picon-em-praia-e-expoe-intimidade","status":"publish","type":"post","link":"https:\/\/www.europesays.com\/pt\/187794\/","title":{"rendered":"F\u00e3 grava encontro com Jade Picon em praia e exp\u00f5e intimidade"},"content":{"rendered":"<p data-start=\"217\" data-end=\"558\">Um v\u00eddeo publicado nas redes sociais neste s\u00e1bado (13) mostra um f\u00e3 sentado ao lado da atriz <a href=\"https:\/\/natelinha.uol.com.br\/famosos\/tudo-sobre\/jade-picon\" rel=\"nofollow noopener\" target=\"_blank\">Jade Picon<\/a> enquanto os dois tomam \u00e1gua de coco em uma praia do Rio de Janeiro. As imagens registram uma breve conversa entre eles, com refer\u00eancias ao ano de 2025 e desejos para 2026. O conte\u00fado foi gravado pelo pr\u00f3prio f\u00e3 e divulgado em seu perfil.<\/p>\n<p data-start=\"560\" data-end=\"857\">No in\u00edcio do v\u00eddeo, o homem apresenta a cena e identifica a atriz. \u201cA\u00ed, galera, mais uma vez eu e Jade Picon aqui e tomando \u00e1gua de coco\u201d, diz ele, enquanto a c\u00e2mera enquadra os dois sentados lado a lado. A grava\u00e7\u00e3o segue com coment\u00e1rios sobre o per\u00edodo recente e expectativas para o ano seguinte.<\/p>\n<p data-start=\"859\" data-end=\"1284\">Jade Picon participa da conversa e faz refer\u00eancia aos resultados alcan\u00e7ados ao longo de 2025. \u201cCelebrando mais um ano nosso, que foi maravilhoso, 2025 e agora vem 2026, que seja de sucesso e iluminado para voc\u00eas e para n\u00f3s\u201d, afirma a atriz no v\u00eddeo.<\/p>\n<p data-start=\"859\" data-end=\"1284\">Em resposta, o f\u00e3 acrescenta votos relacionados ao pr\u00f3ximo ano. \u201cMuita sa\u00fade, muita paz, sucesso&#8230;\u201d, diz. Jade encerra a troca com outra mensagem. \u201cSucesso e amor\u201d, completa.<\/p>\n<p data-start=\"859\" data-end=\"1284\"><strong>V\u00eddeo:<\/strong><\/p>\n<blockquote class=\"twitter-tweet\" data-lang=\"pt\" data-width=\"550\" width=\"550\"><p>\n\t\t\t\t\t\t\t\t\t<a href=\"https:\/\/twitter.com\/choquei\/status\/1999882180399656973\" rel=\"nofollow noopener\" target=\"_blank\">choquei<\/a>\n\t\t\t\t\t\t\t   <\/p><\/blockquote>\n<p data-start=\"1286\" data-end=\"1557\">A atriz mora no Rio de Janeiro e \u00e9 vista com frequ\u00eancia nas praias da cidade. Ao longo de 2025, Jade foi registrada em diferentes momentos \u00e0 beira-mar, incluindo banhos de mar. Ela tamb\u00e9m costuma jogar futev\u00f4lei com amigos e mant\u00e9m uma rotina de exerc\u00edcios f\u00edsicos.<\/p>\n<p data-start=\"1559\" data-end=\"1846\">Paralelamente \u00e0s apari\u00e7\u00f5es em espa\u00e7os p\u00fablicos, a artista manteve uma agenda profissional ativa nos \u00faltimos meses. Nesse per\u00edodo, realizou dezenas de trabalhos voltados \u00e0s redes sociais, com divulga\u00e7\u00e3o de marcas. A atua\u00e7\u00e3o digital fez parte de suas atividades regulares ao longo do ano.<\/p>\n<p>Jade Picon e a novela vertical<\/p>\n<p><img decoding=\"async\" loading=\"lazy\" class=\"horizontal\" src=\"https:\/\/www.europesays.com\/pt\/wp-content\/uploads\/2025\/12\/jade-picon-relata-perrengue-envolvendo-o-proprio-carro_5822.jpeg\" alt=\"imagem-texto\"\/><\/p>\n<p data-start=\"1848\" data-end=\"2124\">Al\u00e9m das a\u00e7\u00f5es publicit\u00e1rias, a atriz integrou o elenco da primeira novela vertical da Globo, intitulada Tudo por uma Segunda Chance. Na produ\u00e7\u00e3o, Jade Picon interpretou a vil\u00e3 da trama. At\u00e9 o momento, 30 cap\u00edtulos foram disponibilizados nas plataformas digitais da empresa.<\/p>\n<p data-start=\"2126\" data-end=\"2379\">De acordo com o cronograma divulgado, a emissora prev\u00ea o lan\u00e7amento de mais 20 cap\u00edtulos da novela em um prazo de at\u00e9 duas semanas. A obra integra a estrat\u00e9gia de distribui\u00e7\u00e3o de conte\u00fado em formato vertical, voltado para consumo em dispositivos m\u00f3veis.<\/p>\n<p>                    <script async src=\"https:\/\/platform.twitter.com\/widgets.js\" charset=\"utf-8\"><\/script><\/p>\n","protected":false},"excerpt":{"rendered":"Um v\u00eddeo publicado nas redes sociais neste s\u00e1bado (13) mostra um f\u00e3 sentado ao lado da atriz Jade&hellip;\n","protected":false},"author":2,"featured_media":187795,"comment_status":"","ping_status":"","sticky":false,"template":"","format":"standard","meta":{"footnotes":""},"categories":[145],"tags":[211,210,114,115,6113,32,33],"class_list":{"0":"post-187794","1":"post","2":"type-post","3":"status-publish","4":"format-standard","5":"has-post-thumbnail","7":"category-celebridades","8":"tag-celebridades","9":"tag-celebrities","10":"tag-entertainment","11":"tag-entretenimento","12":"tag-jade-picon","13":"tag-portugal","14":"tag-pt"},"share_on_mastodon":{"url":"https:\/\/pubeurope.com\/@pt\/115717846287961583","error":""},"_links":{"self":[{"href":"https:\/\/www.europesays.com\/pt\/wp-json\/wp\/v2\/posts\/187794","targetHints":{"allow":["GET"]}}],"collection":[{"href":"https:\/\/www.europesays.com\/pt\/wp-json\/wp\/v2\/posts"}],"about":[{"href":"https:\/\/www.europesays.com\/pt\/wp-json\/wp\/v2\/types\/post"}],"author":[{"embeddable":true,"href":"https:\/\/www.europesays.com\/pt\/wp-json\/wp\/v2\/users\/2"}],"replies":[{"embeddable":true,"href":"https:\/\/www.europesays.com\/pt\/wp-json\/wp\/v2\/comments?post=187794"}],"version-history":[{"count":0,"href":"https:\/\/www.europesays.com\/pt\/wp-json\/wp\/v2\/posts\/187794\/revisions"}],"wp:featuredmedia":[{"embeddable":true,"href":"https:\/\/www.europesays.com\/pt\/wp-json\/wp\/v2\/media\/187795"}],"wp:attachment":[{"href":"https:\/\/www.europesays.com\/pt\/wp-json\/wp\/v2\/media?parent=187794"}],"wp:term":[{"taxonomy":"category","embeddable":true,"href":"https:\/\/www.europesays.com\/pt\/wp-json\/wp\/v2\/categories?post=187794"},{"taxonomy":"post_tag","embeddable":true,"href":"https:\/\/www.europesays.com\/pt\/wp-json\/wp\/v2\/tags?post=187794"}],"curies":[{"name":"wp","href":"https:\/\/api.w.org\/{rel}","templated":true}]}}