{"id":187800,"date":"2025-12-14T12:13:32","date_gmt":"2025-12-14T12:13:32","guid":{"rendered":"https:\/\/www.europesays.com\/pt\/187800\/"},"modified":"2025-12-14T12:13:32","modified_gmt":"2025-12-14T12:13:32","slug":"homem-aranha-deve-protagonizar-a-cena-mais-iconica-do-filme","status":"publish","type":"post","link":"https:\/\/www.europesays.com\/pt\/187800\/","title":{"rendered":"Homem-Aranha deve protagonizar a cena mais ic\u00f4nica do filme"},"content":{"rendered":"<p><a href=\"https:\/\/legadodamarvel.com.br\/filme\/vingadores-guerras-secretas\" rel=\"nofollow noopener\" target=\"_blank\">Vingadores: Guerras Secretas<\/a>, marcado para estrear em 2027, \u00e9 o filme da equipe que finalmente contar\u00e1 com o retorno do<strong> Homem-Aranha<\/strong>.<\/p>\n<p>Sim, em <a href=\"https:\/\/legadodamarvel.com.br\/filme\/vingadores-doomsday\" rel=\"nofollow noopener\" target=\"_blank\">Vingadores: Doomsday<\/a>, marcado para 2026, o her\u00f3i vivido por <a href=\"https:\/\/legadodamarvel.com.br\/tag\/tom-holland\" rel=\"nofollow noopener\" target=\"_blank\">Tom Holland<\/a> n\u00e3o estar\u00e1 no filme. No entanto, na continua\u00e7\u00e3o de 2027, o her\u00f3i retornar\u00e1 com bastante destaque.<\/p>\n<p>\u00c9 o que afirmou o jornalista <a href=\"https:\/\/x.com\/DanielRPK\" rel=\"nofollow\">Daniel Richtman<\/a>. Em Doomsday, o personagem n\u00e3o aparecer\u00e1 por conflitos de agenda do Tom Hollnad, que estava ocupado gravando <a href=\"https:\/\/legadodamarvel.com.br\/tag\/homem-aranha-um-novo-dia\" rel=\"nofollow noopener\" target=\"_blank\">Homem-Aranha: Um Novo Dia<\/a>. Ou seja, ainda assim veremos o her\u00f3i em 2026.<\/p>\n<p>De qualquer forma, em 2027, o her\u00f3i se juntar\u00e1 a equipe em Guerras Secretas, filme que ir\u00e1 encerrar a Saga do Multiverso da Marvel, iniciada em 2021 com <a href=\"https:\/\/legadodamarvel.com.br\/tag\/wandavision\" rel=\"nofollow noopener\" target=\"_blank\">WandaVision<\/a>.<\/p>\n<p>Em Vingadores: Guerras Secretas Homem-Aranha deve ter omento ic\u00f4nico!<\/p>\n<p>E, de acordo com o jornalista <a href=\"https:\/\/x.com\/AlexFromCC\" rel=\"nofollow\">Alex Perez<\/a>, esta \u00e9pica conclus\u00e3o da Marvel dar\u00e1 ao Aranha uma cena que tem tudo para ser a mais ic\u00f4nica do filme.<\/p>\n<p>Segundo a fonte, \u00e9 finalmente em Vingadores: Guerras Secretas que o Homem-Aranha sendo do Tom Holland sendo finalmente tomado pela simbionte.<\/p>\n<p>Vale lembrar que tamb\u00e9m foi assim nos quadrinhos. Foi na primeira vers\u00e3o de Guerras Secretas, em 1984, que a simbionte foi introduzida \u00e0 Marvel, com o Aranha a possuindo.<\/p>\n<p> <img loading=\"lazy\" decoding=\"async\" class=\"lazyload aligncenter size-full wp-image-166534\" viewbox=\"0 0 736 1114\" src=\"https:\/\/www.europesays.com\/pt\/wp-content\/uploads\/2025\/12\/vingadores-guerras-secretas-homem-aranha-hq-legadodamarvel.webp.webp\" alt=\"vingadores guerras secretas quadrinhos homem-aranha\" width=\"736\" height=\"1114\"  data-\/>Qual ser\u00e1 a consequ\u00eancia disso?<\/p>\n<p>Dificilmente a Marvel reproduzir\u00e1 esse momento em Vingadores: Guerras Secretas e remover\u00e1 a simbionte do Homem-Aranha no mesmo filme.<\/p>\n<p>Ou seja, sua introdu\u00e7\u00e3o no filme deve seguir com o her\u00f3i por mais um tempo, provavelmente sendo o foco de Homem-Aranha 5. Talvez no filme dos Vingadores o her\u00f3i apenas experimente a parte boa da simbionte, o ganho de for\u00e7a.<\/p>\n<p>No entanto, no seu pr\u00f3ximo filme solo, o Peter comece ver a parte ruim de estar usando a simbionte, como a perda de controle e destemperamento emocional.<\/p>\n<p><strong>LEIA TAMB\u00c9M:<\/strong><\/p>\n<p>O que acharam? Deixe sua opini\u00e3o nos coment\u00e1rios e, por fim, continue acompanhando o\u00a0<strong>Legado da Marvel\u00a0<\/strong>para n\u00e3o perder nenhuma novidade!<\/p>\n","protected":false},"excerpt":{"rendered":"Vingadores: Guerras Secretas, marcado para estrear em 2027, \u00e9 o filme da equipe que finalmente contar\u00e1 com o&hellip;\n","protected":false},"author":2,"featured_media":187801,"comment_status":"","ping_status":"","sticky":false,"template":"","format":"standard","meta":{"footnotes":""},"categories":[140],"tags":[114,115,147,148,5814,146,32,33,16368],"class_list":{"0":"post-187800","1":"post","2":"type-post","3":"status-publish","4":"format-standard","5":"has-post-thumbnail","7":"category-filmes","8":"tag-entertainment","9":"tag-entretenimento","10":"tag-film","11":"tag-filmes","12":"tag-homem-aranha","13":"tag-movies","14":"tag-portugal","15":"tag-pt","16":"tag-vingadores-guerras-secretas"},"share_on_mastodon":{"url":"https:\/\/pubeurope.com\/@pt\/115717866260451646","error":""},"_links":{"self":[{"href":"https:\/\/www.europesays.com\/pt\/wp-json\/wp\/v2\/posts\/187800","targetHints":{"allow":["GET"]}}],"collection":[{"href":"https:\/\/www.europesays.com\/pt\/wp-json\/wp\/v2\/posts"}],"about":[{"href":"https:\/\/www.europesays.com\/pt\/wp-json\/wp\/v2\/types\/post"}],"author":[{"embeddable":true,"href":"https:\/\/www.europesays.com\/pt\/wp-json\/wp\/v2\/users\/2"}],"replies":[{"embeddable":true,"href":"https:\/\/www.europesays.com\/pt\/wp-json\/wp\/v2\/comments?post=187800"}],"version-history":[{"count":0,"href":"https:\/\/www.europesays.com\/pt\/wp-json\/wp\/v2\/posts\/187800\/revisions"}],"wp:featuredmedia":[{"embeddable":true,"href":"https:\/\/www.europesays.com\/pt\/wp-json\/wp\/v2\/media\/187801"}],"wp:attachment":[{"href":"https:\/\/www.europesays.com\/pt\/wp-json\/wp\/v2\/media?parent=187800"}],"wp:term":[{"taxonomy":"category","embeddable":true,"href":"https:\/\/www.europesays.com\/pt\/wp-json\/wp\/v2\/categories?post=187800"},{"taxonomy":"post_tag","embeddable":true,"href":"https:\/\/www.europesays.com\/pt\/wp-json\/wp\/v2\/tags?post=187800"}],"curies":[{"name":"wp","href":"https:\/\/api.w.org\/{rel}","templated":true}]}}