{"id":187814,"date":"2025-12-14T12:27:23","date_gmt":"2025-12-14T12:27:23","guid":{"rendered":"https:\/\/www.europesays.com\/pt\/187814\/"},"modified":"2025-12-14T12:27:23","modified_gmt":"2025-12-14T12:27:23","slug":"vilao-iconico-do-demolidor-ira-aparecer-no-filme","status":"publish","type":"post","link":"https:\/\/www.europesays.com\/pt\/187814\/","title":{"rendered":"Vil\u00e3o ic\u00f4nico do Demolidor ir\u00e1 aparecer no filme"},"content":{"rendered":"<p><a href=\"https:\/\/legadodamarvel.com.br\/tag\/homem-aranha-um-novo-dia\" rel=\"nofollow noopener\" target=\"_blank\">Homem-Aranha 4: Um Novo Dia<\/a> contar\u00e1 com a participa\u00e7\u00e3o de muitos personagens, mas, infelizmente, o <strong>Demolidor <\/strong>n\u00e3o ser\u00e1 um deles.<\/p>\n<p>Sim, muitos f\u00e3s esperavam que o her\u00f3i interpretado por <a href=\"https:\/\/legadodamarvel.com.br\/tag\/charlie-cox\" rel=\"nofollow noopener\" target=\"_blank\">Charlie Cox<\/a> fosse aparecer no filme, mas a Marvel e a Sony preferiram dar prioridade a outros personagens.<\/p>\n<p>Por exemplo, o filme contar\u00e1 com participa\u00e7\u00f5es como do Justiceiro, Hulk e da Yelena Belova. No entanto, isso n\u00e3o significa que n\u00e3o haver\u00e1 conex\u00f5es com o universo do Demolidor.<\/p>\n<p>Homem-Aranha 4 contar\u00e1 com vil\u00f5es que apareceram em Demolidor!<\/p>\n<p>Anteriormente, foi revelado que uma das principais cenas de a\u00e7\u00e3o do filme contar\u00e1 com o Homem-Aranha enfrentando um ex\u00e9rcito de ninjas.<\/p>\n<p>E agora o jornalista <a href=\"https:\/\/x.com\/DanielRPK\" rel=\"nofollow\">Daniel Richtman<\/a> afirmou que este ex\u00e9rcito ser\u00e1 simplesmente O Tent\u00e1culo, uma ordem de ninjas m\u00edsticos que est\u00e3o fortemente envolvidos com o crime organizado.<\/p>\n<p> <img loading=\"lazy\" decoding=\"async\" class=\"lazyload aligncenter size-full wp-image-166527\" viewbox=\"0 0 630 368\" src=\"https:\/\/www.europesays.com\/pt\/wp-content\/uploads\/2025\/12\/homem-aranha-4-tentaculo-demolidor-netflix-legadodamarvel.webp.webp\" alt=\"homem-aranha ter\u00e1 o tent\u00e1culo de demolidor\" width=\"630\" height=\"368\"  data-\/><\/p>\n<p>A organiza\u00e7\u00e3o j\u00e1 apareceu na s\u00e9rie do Demolidor da Netflix. Al\u00e9m disso, o jornalista tamb\u00e9m revelou que eles ir\u00e3o surgir com seus cl\u00e1ssicos trajes vermelhos.<\/p>\n<p>Qual ser\u00e1 o papel do Tent\u00e1culo no filme?<\/p>\n<p>A trama de Homem-Aranha 4 ainda est\u00e1 sendo mantida sob sigilo, ent\u00e3o ainda \u00e9 um mist\u00e9rio por que os vil\u00f5es de Demolidor ir\u00e3o aparecer no filme.<\/p>\n<p>De qualquer forma, sabemos que o filme ir\u00e1 explorar uma guerra de gangues, com grupos de vil\u00f5es aparecendo no filme. O Tent\u00e1culo dever\u00e1 ser um deles, tentando tomar o poder em Nova York. Outros vil\u00f5es j\u00e1 confirmados no filme s\u00e3o o Escorpi\u00e3o e o L\u00e1pide.<\/p>\n<p><strong>LEIA TAMB\u00c9M:<\/strong><\/p>\n<p>O que acharam? Deixe sua opini\u00e3o nos coment\u00e1rios e, por fim, continue acompanhando o\u00a0<strong>Legado da Marvel\u00a0<\/strong>para n\u00e3o perder nenhuma novidade!<\/p>\n","protected":false},"excerpt":{"rendered":"Homem-Aranha 4: Um Novo Dia contar\u00e1 com a participa\u00e7\u00e3o de muitos personagens, mas, infelizmente, o Demolidor n\u00e3o ser\u00e1&hellip;\n","protected":false},"author":2,"featured_media":187815,"comment_status":"","ping_status":"","sticky":false,"template":"","format":"standard","meta":{"footnotes":""},"categories":[140],"tags":[114,115,147,148,10305,146,32,33],"class_list":{"0":"post-187814","1":"post","2":"type-post","3":"status-publish","4":"format-standard","5":"has-post-thumbnail","7":"category-filmes","8":"tag-entertainment","9":"tag-entretenimento","10":"tag-film","11":"tag-filmes","12":"tag-homem-aranha-um-novo-dia","13":"tag-movies","14":"tag-portugal","15":"tag-pt"},"share_on_mastodon":{"url":"https:\/\/pubeurope.com\/@pt\/115717921328635982","error":""},"_links":{"self":[{"href":"https:\/\/www.europesays.com\/pt\/wp-json\/wp\/v2\/posts\/187814","targetHints":{"allow":["GET"]}}],"collection":[{"href":"https:\/\/www.europesays.com\/pt\/wp-json\/wp\/v2\/posts"}],"about":[{"href":"https:\/\/www.europesays.com\/pt\/wp-json\/wp\/v2\/types\/post"}],"author":[{"embeddable":true,"href":"https:\/\/www.europesays.com\/pt\/wp-json\/wp\/v2\/users\/2"}],"replies":[{"embeddable":true,"href":"https:\/\/www.europesays.com\/pt\/wp-json\/wp\/v2\/comments?post=187814"}],"version-history":[{"count":0,"href":"https:\/\/www.europesays.com\/pt\/wp-json\/wp\/v2\/posts\/187814\/revisions"}],"wp:featuredmedia":[{"embeddable":true,"href":"https:\/\/www.europesays.com\/pt\/wp-json\/wp\/v2\/media\/187815"}],"wp:attachment":[{"href":"https:\/\/www.europesays.com\/pt\/wp-json\/wp\/v2\/media?parent=187814"}],"wp:term":[{"taxonomy":"category","embeddable":true,"href":"https:\/\/www.europesays.com\/pt\/wp-json\/wp\/v2\/categories?post=187814"},{"taxonomy":"post_tag","embeddable":true,"href":"https:\/\/www.europesays.com\/pt\/wp-json\/wp\/v2\/tags?post=187814"}],"curies":[{"name":"wp","href":"https:\/\/api.w.org\/{rel}","templated":true}]}}